{"id":9566,"date":"2026-09-04T08:00:00","date_gmt":"2026-09-04T06:00:00","guid":{"rendered":"https:\/\/www.wurth.es\/blog\/?p=9566"},"modified":"2026-09-04T10:08:15","modified_gmt":"2026-09-04T08:08:15","slug":"prevenir-accidentes-trabajos-altura","status":"publish","type":"post","link":"https:\/\/www.wurth.es\/blog\/prevenir-accidentes-trabajos-altura\/","title":{"rendered":"Trabajos en altura. \u00bfC\u00f3mo trabajar en altura con total seguridad?"},"content":{"rendered":"<div id=\"ez-toc-container\" class=\"ez-toc-v2_0_85 ez-toc-wrap-center counter-hierarchy ez-toc-counter ez-toc-custom ez-toc-container-direction\">\n<div class=\"ez-toc-title-container\">\n<p class=\"ez-toc-title\" style=\"cursor:inherit\">Tabla de contenidos:<\/p>\n<span class=\"ez-toc-title-toggle\"><a href=\"#\" class=\"ez-toc-pull-right ez-toc-btn ez-toc-btn-xs ez-toc-btn-default ez-toc-toggle\" aria-label=\"Alternar tabla de contenidos\"><span class=\"ez-toc-js-icon-con\"><span class=\"\"><span class=\"eztoc-hide\" style=\"display:none;\">Toggle<\/span><span class=\"ez-toc-icon-toggle-span\"><svg style=\"fill: #c00000;color:#c00000\" xmlns=\"http:\/\/www.w3.org\/2000\/svg\" class=\"list-377408\" width=\"20px\" height=\"20px\" viewBox=\"0 0 24 24\" fill=\"none\"><path d=\"M6 6H4v2h2V6zm14 0H8v2h12V6zM4 11h2v2H4v-2zm16 0H8v2h12v-2zM4 16h2v2H4v-2zm16 0H8v2h12v-2z\" fill=\"currentColor\"><\/path><\/svg><svg style=\"fill: #c00000;color:#c00000\" class=\"arrow-unsorted-368013\" xmlns=\"http:\/\/www.w3.org\/2000\/svg\" width=\"10px\" height=\"10px\" viewBox=\"0 0 24 24\" version=\"1.2\" baseProfile=\"tiny\"><path d=\"M18.2 9.3l-6.2-6.3-6.2 6.3c-.2.2-.3.4-.3.7s.1.5.3.7c.2.2.4.3.7.3h11c.3 0 .5-.1.7-.3.2-.2.3-.5.3-.7s-.1-.5-.3-.7zM5.8 14.7l6.2 6.3 6.2-6.3c.2-.2.3-.5.3-.7s-.1-.5-.3-.7c-.2-.2-.4-.3-.7-.3h-11c-.3 0-.5.1-.7.3-.2.2-.3.5-.3.7s.1.5.3.7z\"\/><\/svg><\/span><\/span><\/span><\/a><\/span><\/div>\n<nav><ul class='ez-toc-list ez-toc-list-level-1 ' ><li class='ez-toc-page-1 ez-toc-heading-level-2'><a class=\"ez-toc-link ez-toc-heading-1\" href=\"https:\/\/www.wurth.es\/blog\/prevenir-accidentes-trabajos-altura\/#%c2%bfque_se_considera_un_trabajo_en_altura\" >\u00bfQu\u00e9 se considera un trabajo en altura?<\/a><\/li><li class='ez-toc-page-1 ez-toc-heading-level-2'><a class=\"ez-toc-link ez-toc-heading-2\" href=\"https:\/\/www.wurth.es\/blog\/prevenir-accidentes-trabajos-altura\/#%c2%bfpor_que_los_trabajos_en_altura_siguen_siendo_una_de_las_principales_causas_de_accidentes_laborales\" >\u00bfPor qu\u00e9 los trabajos en altura siguen siendo una de las principales causas de accidentes laborales?<\/a><\/li><li class='ez-toc-page-1 ez-toc-heading-level-2'><a class=\"ez-toc-link ez-toc-heading-3\" href=\"https:\/\/www.wurth.es\/blog\/prevenir-accidentes-trabajos-altura\/#falta_de_prevencion_antes_de_subir_a_las_alturas\" >Falta de prevenci\u00f3n antes de subir a las alturas<\/a><\/li><li class='ez-toc-page-1 ez-toc-heading-level-2'><a class=\"ez-toc-link ez-toc-heading-4\" href=\"https:\/\/www.wurth.es\/blog\/prevenir-accidentes-trabajos-altura\/#los_errores_mas_habituales_en_los_trabajos_en_altura\" >Los errores m\u00e1s habituales en los trabajos en altura<\/a><\/li><li class='ez-toc-page-1 ez-toc-heading-level-2'><a class=\"ez-toc-link ez-toc-heading-5\" href=\"https:\/\/www.wurth.es\/blog\/prevenir-accidentes-trabajos-altura\/#%c2%bfque_normativa_regula_los_trabajos_en_altura_en_espana\" >\u00bfQu\u00e9 normativa regula los trabajos en altura en Espa\u00f1a?<\/a><\/li><li class='ez-toc-page-1 ez-toc-heading-level-2'><a class=\"ez-toc-link ez-toc-heading-6\" href=\"https:\/\/www.wurth.es\/blog\/prevenir-accidentes-trabajos-altura\/#principales_normas_tecnicas_aplicables_a_los_sistemas_anticaidas\" >Principales normas t\u00e9cnicas aplicables a los sistemas antica\u00eddas<\/a><\/li><li class='ez-toc-page-1 ez-toc-heading-level-2'><a class=\"ez-toc-link ez-toc-heading-7\" href=\"https:\/\/www.wurth.es\/blog\/prevenir-accidentes-trabajos-altura\/#preguntas_frecuentes_sobre_trabajos_en_altura\" >Preguntas frecuentes sobre trabajos en altura<\/a><\/li><\/ul><\/nav><\/div>\n\n<p class=\"wp-block-paragraph\">Los trabajos en altura contin\u00faan siendo una de las actividades con mayor \u00edndice de siniestralidad dentro del \u00e1mbito laboral.<\/p>\n\n\n\n<p class=\"wp-block-paragraph\">Seg\u00fan el Instituto Nacional de Seguridad y Salud en el Trabajo (INSST), las ca\u00eddas en altura representan m\u00e1s del 20 % de los accidentes graves y mortales en sectores como la construcci\u00f3n, el mantenimiento industrial o las telecomunicaciones.<\/p>\n\n\n\n<p class=\"wp-block-paragraph\">En este art\u00edculo repasamos los cuatro aspectos que fundamentales para trabajar con seguridad en altura.<\/p>\n\n\n\n<h2 class=\"wp-block-heading\"><span class=\"ez-toc-section\" id=\"%c2%bfque_se_considera_un_trabajo_en_altura\"><\/span>\u00bfQu\u00e9 se considera un trabajo en altura?<span class=\"ez-toc-section-end\"><\/span><\/h2>\n\n\n\n<p class=\"wp-block-paragraph\">Un <strong>trabajo en altura<\/strong> se considera legalmente, seg\u00fan la normativa espa\u00f1ola (como el <a href=\"https:\/\/www.boe.es\/eli\/es\/rd\/2004\/11\/12\/2177\" target=\"_blank\" rel=\"noreferrer noopener nofollow\">Real Decreto 2177\/2004<\/a>), como cualquier actividad laboral que se realice a <strong>m\u00e1s de 2 metros de altura<\/strong> respecto al suelo o nivel de referencia. T\u00e9cnicamente, abarca toda situaci\u00f3n en la que exista un <strong>riesgo de ca\u00edda a distinto nivel<\/strong> que pueda ocasionar da\u00f1os al trabajador, sin importar la distancia exacta.<\/p>\n\n\n<div class=\"wp-block-image\">\n<figure class=\"aligncenter size-full\"><img fetchpriority=\"high\" decoding=\"async\" width=\"850\" height=\"562\" src=\"https:\/\/www.wurth.es\/blog\/wp-content\/uploads\/2026\/08\/Trabajador-realizando-un-trabajo-en-altura-sobre-una-cubierta-utilizando-arnes-anticaidas-conectado-a-un-sistema-de-proteccion-contra-caidas.png\" alt=\"Trabajador realizando un trabajo en altura sobre una cubierta utilizando arn\u00e9s antica\u00eddas conectado a un sistema de protecci\u00f3n contra ca\u00eddas.\" class=\"wp-image-9578\" srcset=\"https:\/\/www.wurth.es\/blog\/wp-content\/uploads\/2026\/08\/Trabajador-realizando-un-trabajo-en-altura-sobre-una-cubierta-utilizando-arnes-anticaidas-conectado-a-un-sistema-de-proteccion-contra-caidas.png 850w, https:\/\/www.wurth.es\/blog\/wp-content\/uploads\/2026\/08\/Trabajador-realizando-un-trabajo-en-altura-sobre-una-cubierta-utilizando-arnes-anticaidas-conectado-a-un-sistema-de-proteccion-contra-caidas-300x198.png 300w, https:\/\/www.wurth.es\/blog\/wp-content\/uploads\/2026\/08\/Trabajador-realizando-un-trabajo-en-altura-sobre-una-cubierta-utilizando-arnes-anticaidas-conectado-a-un-sistema-de-proteccion-contra-caidas-768x508.png 768w\" sizes=\"(max-width: 850px) 100vw, 850px\" \/><\/figure>\n<\/div>\n\n\n<h2 class=\"wp-block-heading\"><span class=\"ez-toc-section\" id=\"%c2%bfpor_que_los_trabajos_en_altura_siguen_siendo_una_de_las_principales_causas_de_accidentes_laborales\"><\/span>\u00bfPor qu\u00e9 los trabajos en altura siguen siendo una de las principales causas de accidentes laborales?<span class=\"ez-toc-section-end\"><\/span><\/h2>\n\n\n\n<p class=\"wp-block-paragraph\">La evoluci\u00f3n de los equipos de protecci\u00f3n individual y la formaci\u00f3n espec\u00edfica de los trabajadores han permitido mejorar notablemente la seguridad en altura. Pero los accidentes contin\u00faan produci\u00e9ndose porque la seguridad depende de muchos factores que deben funcionar conjuntamente.<\/p>\n\n\n\n<p class=\"wp-block-paragraph\">Entre las principales causas encontramos:<\/p>\n\n\n\n<h3 class=\"wp-block-heading\">Factores humanos<\/h3>\n\n\n\n<p class=\"wp-block-paragraph\">Uno de los elementos m\u00e1s importantes en la prevenci\u00f3n es la percepci\u00f3n del riesgo.<\/p>\n\n\n\n<p class=\"wp-block-paragraph\">La experiencia demuestra que los trabajadores tienden a extremar precauciones cuando se encuentran a grandes alturas, por ejemplo, a 15 o 20 metros, donde el riesgo es evidente y la sensaci\u00f3n de peligro es mayor. Pero cuando la altura es menor, altura como 2 o 4 metros, <strong>la confianza aumenta y el uso de equipos de protecci\u00f3n disminuye<\/strong>, pese a que las estad\u00edsticas indican que estas alturas tambi\u00e9n pueden ser mortales.<\/p>\n\n\n\n<p class=\"wp-block-paragraph\">Esta situaci\u00f3n provoca comportamientos como:<\/p>\n\n\n\n<ul class=\"wp-block-list\">\n<li>Tabajar sin estar conectado al sistema antica\u00eddas;<\/li>\n\n\n\n<li>No utilizar correctamente el arn\u00e9s;<\/li>\n\n\n\n<li>Eliminar medidas preventivas porque la tarea parece sencilla;<\/li>\n\n\n\n<li>Improvisar soluciones.<\/li>\n<\/ul>\n\n\n\n<blockquote class=\"wp-block-quote is-layout-flow wp-block-quote-is-layout-flow\">\n<p class=\"wp-block-paragraph\">El INSST se\u00f1ala que <strong>el 45% de los accidentes graves sucedieron en alturas menores de 4 metros. <\/strong>Estos incidentes ocurren con mayor frecuencia desde cubiertas, seguidos de cerca por escaleras de mano y andamios.<\/p>\n<\/blockquote>\n\n\n\n<p class=\"wp-block-paragraph\">Esto se debe a que el trabajador percibe la altura como \u201cno peligrosa\u201d y no usa los equipos de protecci\u00f3n contra ca\u00eddas en altura. La falsa sensaci\u00f3n de seguridad es, por tanto, uno de los mayores enemigos en la prevenci\u00f3n.<\/p>\n\n\n\n<h2 class=\"wp-block-heading\"><span class=\"ez-toc-section\" id=\"falta_de_prevencion_antes_de_subir_a_las_alturas\"><\/span>Falta de prevenci\u00f3n antes de subir a las alturas<span class=\"ez-toc-section-end\"><\/span><\/h2>\n\n\n\n<p class=\"wp-block-paragraph\">Muchos accidentes podr\u00edan evitarse realizando un an\u00e1lisis previo adecuado.<\/p>\n\n\n\n<p class=\"wp-block-paragraph\">Antes de comenzar un trabajo en altura es necesario definir:<\/p>\n\n\n\n<ul class=\"wp-block-list\">\n<li><strong>El tipo de acceso<\/strong>: si se utilizar\u00e1 una plataforma elevadora, escalera, andamio o sistema de cuerdas.<\/li>\n\n\n\n<li><strong>La zona de trabajo<\/strong>: presencia de obst\u00e1culos, l\u00edneas el\u00e9ctricas, superficies fr\u00e1giles o espacios reducidos.<\/li>\n\n\n\n<li><strong>Los <\/strong><a href=\"https:\/\/www.wurth.es\/dispositivo-de-anclaje-de-seguridad-en-795-a1\"><strong>puntos de anclaje<\/strong><\/a><strong> disponibles<\/strong>: su resistencia, ubicaci\u00f3n y compatibilidad con los equipos.<\/li>\n\n\n\n<li><strong>La distancia del punto de anclaje a la zona de trabajo<\/strong>: para determinar si se necesitan elementos de conexi\u00f3n de corto alcance o largo alcance.<\/li>\n\n\n\n<li><strong>Las condiciones ambientales<\/strong>: viento, lluvia, iluminaci\u00f3n o superficies resbaladizas.<\/li>\n<\/ul>\n\n\n\n<p class=\"wp-block-paragraph\">La prevenci\u00f3n empieza en el suelo: analizar, decidir y preparar antes de ejecutar.<\/p>\n\n\n\n<p class=\"wp-block-paragraph\">Un an\u00e1lisis previo del trabajo permite seleccionar los equipos m\u00e1s adecuados en funci\u00f3n de la tarea:<\/p>\n\n\n\n<div class=\"wp-block-columns is-layout-flex wp-container-core-columns-is-layout-8f761849 wp-block-columns-is-layout-flex\">\n<div class=\"wp-block-column is-layout-flow wp-block-column-is-layout-flow\">\n<p class=\"wp-block-paragraph\"><strong>Trabajos sobre una PEMP<\/strong><\/p>\n\n\n\n<p class=\"wp-block-paragraph\">Utilizar un dispositivo retr\u00e1ctil espec\u00edfico, como el HSG 18<\/p>\n\n\n\n<figure class=\"wp-block-image size-full\"><img decoding=\"async\" width=\"576\" height=\"576\" src=\"https:\/\/www.wurth.es\/blog\/wp-content\/uploads\/2026\/08\/Proteccion-anticaidas-HSG-18-Compact.jpg\" alt=\"Protecci\u00f3n antica\u00eddas HSG 18 Compact\" class=\"wp-image-9574\" srcset=\"https:\/\/www.wurth.es\/blog\/wp-content\/uploads\/2026\/08\/Proteccion-anticaidas-HSG-18-Compact.jpg 576w, https:\/\/www.wurth.es\/blog\/wp-content\/uploads\/2026\/08\/Proteccion-anticaidas-HSG-18-Compact-300x300.jpg 300w, https:\/\/www.wurth.es\/blog\/wp-content\/uploads\/2026\/08\/Proteccion-anticaidas-HSG-18-Compact-150x150.jpg 150w\" sizes=\"(max-width: 576px) 100vw, 576px\" \/><\/figure>\n\n\n\n<div class=\"wp-block-buttons is-layout-flex wp-block-buttons-is-layout-flex\">\n<div class=\"wp-block-button\"><a class=\"wp-block-button__link has-white-color has-vivid-cyan-blue-background-color has-text-color has-background has-link-color wp-element-button\" href=\"https:\/\/www.wurth.es\/mp-proteccion-anticaidas-hsg-18-compact\">Protecci\u00f3n antica\u00eddas HSG 18 Compact<\/a><\/div>\n<\/div>\n<\/div>\n\n\n\n<div class=\"wp-block-column is-layout-flow wp-block-column-is-layout-flow\">\n<p class=\"wp-block-paragraph\"><strong>Trabajos con mayor alcance<\/strong><\/p>\n\n\n\n<p class=\"wp-block-paragraph\">Emplear elementos de conexi\u00f3n de largo alcance como el W101<\/p>\n\n\n\n<figure class=\"wp-block-image size-full\"><img decoding=\"async\" width=\"576\" height=\"576\" src=\"https:\/\/www.wurth.es\/blog\/wp-content\/uploads\/2026\/08\/Dispositivo-de-arnes-de-seguridad-de-arrastre-W101.jpg\" alt=\"Dispositivo de arn\u00e9s de seguridad de arrastre W101\" class=\"wp-image-9575\" srcset=\"https:\/\/www.wurth.es\/blog\/wp-content\/uploads\/2026\/08\/Dispositivo-de-arnes-de-seguridad-de-arrastre-W101.jpg 576w, https:\/\/www.wurth.es\/blog\/wp-content\/uploads\/2026\/08\/Dispositivo-de-arnes-de-seguridad-de-arrastre-W101-300x300.jpg 300w, https:\/\/www.wurth.es\/blog\/wp-content\/uploads\/2026\/08\/Dispositivo-de-arnes-de-seguridad-de-arrastre-W101-150x150.jpg 150w\" sizes=\"(max-width: 576px) 100vw, 576px\" \/><\/figure>\n\n\n\n<div class=\"wp-block-buttons is-layout-flex wp-block-buttons-is-layout-flex\">\n<div class=\"wp-block-button\"><a class=\"wp-block-button__link has-white-color has-vivid-cyan-blue-background-color has-text-color has-background has-link-color wp-element-button\" href=\"https:\/\/www.wurth.es\/w101-anticaidas-deslizante-vertical-20m\">Arn\u00e9s de seguridad de arrastre W101<\/a><\/div>\n<\/div>\n<\/div>\n\n\n\n<div class=\"wp-block-column is-layout-flow wp-block-column-is-layout-flow\">\n<p class=\"wp-block-paragraph\"><strong><strong>En cualquier trabajo en altura<\/strong><\/strong><\/p>\n\n\n\n<p class=\"wp-block-paragraph\">Elegir el arn\u00e9s antica\u00eddas m\u00e1s adecuado seg\u00fan el entorno y el tipo de actividad<\/p>\n\n\n\n<figure class=\"wp-block-image size-full\"><img loading=\"lazy\" decoding=\"async\" width=\"576\" height=\"576\" src=\"https:\/\/www.wurth.es\/blog\/wp-content\/uploads\/2026\/08\/Arnes-de-seguridad-anti-caidas-Wurth.jpg\" alt=\"Arn\u00e9s de seguridad anti caidas W\u00fcrth\" class=\"wp-image-9576\" srcset=\"https:\/\/www.wurth.es\/blog\/wp-content\/uploads\/2026\/08\/Arnes-de-seguridad-anti-caidas-Wurth.jpg 576w, https:\/\/www.wurth.es\/blog\/wp-content\/uploads\/2026\/08\/Arnes-de-seguridad-anti-caidas-Wurth-300x300.jpg 300w, https:\/\/www.wurth.es\/blog\/wp-content\/uploads\/2026\/08\/Arnes-de-seguridad-anti-caidas-Wurth-150x150.jpg 150w\" sizes=\"(max-width: 576px) 100vw, 576px\" \/><\/figure>\n\n\n\n<div class=\"wp-block-buttons is-layout-flex wp-block-buttons-is-layout-flex\">\n<div class=\"wp-block-button\"><a class=\"wp-block-button__link has-white-color has-vivid-cyan-blue-background-color has-text-color has-background has-link-color wp-element-button\" href=\"https:\/\/www.wurth.es\/catalogo\/seguridad-y-salud\/equipos-de-proteccion-personal\/sistemas-anticaidas\/arnes-de-seguridad\">Arn\u00e9s de seguridad antica\u00eddas<\/a><\/div>\n<\/div>\n<\/div>\n<\/div>\n\n\n\n<h3 class=\"wp-block-heading\">Falta de revisi\u00f3n y mantenimiento de los equipos de seguridad<\/h3>\n\n\n\n<p class=\"wp-block-paragraph\">Los equipos de protecci\u00f3n individual para trabajos en altura deben estar en perfecto estado para garantizar su funci\u00f3n.<\/p>\n\n\n\n<p class=\"wp-block-paragraph\">La normativa exige <a href=\"https:\/\/www.wurth.es\/blog\/revision-epi-trabajos-altura\/?srsltid=AfmBOop9nMZXESjH2gow4JDE5nZuNRr4AXO4Qt0cSnIHbsOEg4P66WVx\">revisiones peri\u00f3dicas<\/a>, pero tambi\u00e9n inspecciones visuales antes de cada uso en las que el trabajador compruebe el correcto estado del equipo antes de su uso.<\/p>\n\n\n\n<p class=\"wp-block-paragraph\">Entre los fallos m\u00e1s comunes detectados en inspecciones se encuentran:<\/p>\n\n\n\n<ul class=\"wp-block-list\">\n<li>Costuras deterioradas.<\/li>\n\n\n\n<li>Cintas cortadas o abrasadas.<\/li>\n\n\n\n<li>Mosquetones deformados o con cierre defectuoso.<\/li>\n\n\n\n<li>Retr\u00e1ctiles que no bloquean correctamente.<\/li>\n\n\n\n<li>Absorbedores activados previamente.<\/li>\n<\/ul>\n\n\n\n<p class=\"wp-block-paragraph\">Estos fallos pueden provocar un mal funcionamiento del equipo en el caso de ca\u00edda poniendo en riesgo la vida del trabajador.<\/p>\n\n\n\n<p class=\"has-text-align-center has-white-color has-vivid-red-background-color has-text-color has-background has-link-color wp-elements-308aee4a147e951aa9caabf3e7e74ae9 wp-block-paragraph\"><strong>W\u00fcrth Espa\u00f1a<\/strong>&nbsp;te ofrece el servicio de revisiones de tus equipos de protecci\u00f3n contra ca\u00eddas W\u00fcrth a trav\u00e9s del departamento <a href=\"https:\/\/www.wurth.es\/revision-epis\"><strong>Master Service<\/strong><\/a>.<\/p>\n\n\n\n<h3 class=\"wp-block-heading\">Protecci\u00f3n integral: la importancia del uso de otros EPIs<\/h3>\n\n\n\n<p class=\"wp-block-paragraph\">El arn\u00e9s y el sistema antica\u00eddas son los principales protagonistas en los trabajos en altura, pero existen otros EPIs que desempe\u00f1an un papel fundamental en la prevenci\u00f3n de lesiones. La seguridad debe ser integral, y por ello es imprescindible tambi\u00e9n usar:<\/p>\n\n\n\n<ul class=\"wp-block-list\">\n<li><a href=\"https:\/\/www.wurth.es\/casco-wurth-con-barboquejo-en397-blanco\"><strong>Casco de seguridad con barboquejo<\/strong><\/a>: evita golpes por objetos y protege la cabeza en caso de ca\u00edda.<\/li>\n\n\n\n<li><a href=\"https:\/\/www.wurth.es\/catalogo\/seguridad-y-salud\/zapatos-de-trabajo\/zapatos-de-seguridad\"><strong>Calzado de seguridad antideslizante<\/strong><\/a>: mejora la estabilidad y reduce resbalones, una de las causas m\u00e1s frecuentes de ca\u00eddas.<\/li>\n\n\n\n<li><a href=\"https:\/\/www.wurth.es\/catalogo\/seguridad-y-salud\/equipos-de-proteccion-personal\/guantes-de-proteccion\"><strong>Guantes de protecci\u00f3n<\/strong>:<\/a> permiten un agarre seguro y evitan cortes o quemaduras al realizar los trabajos.<\/li>\n\n\n\n<li><a href=\"https:\/\/www.wurth.es\/catalogo\/seguridad-y-salud\/equipos-de-proteccion-personal\/gafas-protectoras-proteccion-facial\/gafas-de-seguridad\"><strong>Gafas de seguridad<\/strong>:<\/a> protegen frente a part\u00edculas, polvo o proyecciones que pueden provocar lesiones oculares.<\/li>\n\n\n\n<li><a href=\"https:\/\/www.wurth.es\/catalogo\/seguridad-y-salud\/equipos-de-proteccion-personal\/proteccion-auditiva\"><strong>Protecci\u00f3n auditiva<\/strong>:<\/a> Nos protegen si el trabajador est\u00e1 expuesto a niveles de ruido superiores a los l\u00edmites legales durante los trabajos.<\/li>\n<\/ul>\n\n\n<div class=\"wp-block-image\">\n<figure class=\"aligncenter size-full\"><img loading=\"lazy\" decoding=\"async\" width=\"850\" height=\"565\" src=\"https:\/\/www.wurth.es\/blog\/wp-content\/uploads\/2026\/08\/Operario-trabajando-desde-una-plataforma-elevadora-movil-de-personal-PEMP-utilizando-un-dispositivo-retractil-y-equipos-de-proteccion-individual.png\" alt=\"Operario trabajando desde una plataforma elevadora m\u00f3vil de personal (PEMP) utilizando un dispositivo retr\u00e1ctil y equipos de protecci\u00f3n individual.\" class=\"wp-image-9579\" srcset=\"https:\/\/www.wurth.es\/blog\/wp-content\/uploads\/2026\/08\/Operario-trabajando-desde-una-plataforma-elevadora-movil-de-personal-PEMP-utilizando-un-dispositivo-retractil-y-equipos-de-proteccion-individual.png 850w, https:\/\/www.wurth.es\/blog\/wp-content\/uploads\/2026\/08\/Operario-trabajando-desde-una-plataforma-elevadora-movil-de-personal-PEMP-utilizando-un-dispositivo-retractil-y-equipos-de-proteccion-individual-300x199.png 300w, https:\/\/www.wurth.es\/blog\/wp-content\/uploads\/2026\/08\/Operario-trabajando-desde-una-plataforma-elevadora-movil-de-personal-PEMP-utilizando-un-dispositivo-retractil-y-equipos-de-proteccion-individual-768x510.png 768w\" sizes=\"(max-width: 850px) 100vw, 850px\" \/><\/figure>\n<\/div>\n\n\n<h2 class=\"wp-block-heading\"><span class=\"ez-toc-section\" id=\"los_errores_mas_habituales_en_los_trabajos_en_altura\"><\/span>Los errores m\u00e1s habituales en los trabajos en altura<span class=\"ez-toc-section-end\"><\/span><\/h2>\n\n\n\n<p class=\"wp-block-paragraph\">La mayor\u00eda de los accidentes en altura no se producen por una \u00fanica causa, sino por una combinaci\u00f3n de peque\u00f1as decisiones incorrectas que terminan generando una situaci\u00f3n peligrosa.<\/p>\n\n\n\n<p class=\"wp-block-paragraph\">Identificar los errores m\u00e1s frecuentes permite anticiparse a ellos y establecer medidas preventivas m\u00e1s eficaces.<\/p>\n\n\n\n<div class=\"wp-block-columns is-layout-flex wp-container-core-columns-is-layout-8f761849 wp-block-columns-is-layout-flex\">\n<div class=\"wp-block-column is-layout-flow wp-block-column-is-layout-flow\">\n<h3 class=\"wp-block-heading\">Trabajar sin estar conectado al sistema antica\u00eddas<\/h3>\n\n\n\n<p class=\"wp-block-paragraph\">Uno de los errores m\u00e1s graves es acceder a una zona con riesgo de ca\u00edda sin estar conectado correctamente.<\/p>\n\n\n\n<p class=\"wp-block-paragraph\">Situaciones como \u00absolo tardar\u00e9 unos minutos\u00bb, \u00abest\u00e1 muy cerca el punto de trabajo\u00bb o \u00abno parece peligroso\u00bb, son ejemplos de una falsa sensaci\u00f3n de seguridad que puede tener consecuencias graves.<\/p>\n\n\n\n<p class=\"wp-block-paragraph\">El sistema antica\u00eddas debe utilizarse siempre que exista riesgo de ca\u00edda y sea necesario como medida preventiva.<\/p>\n<\/div>\n\n\n\n<div class=\"wp-block-column is-layout-flow wp-block-column-is-layout-flow\">\n<h3 class=\"wp-block-heading\">No calcular correctamente la distancia libre de ca\u00edda<\/h3>\n\n\n\n<p class=\"wp-block-paragraph\">Antes de utilizar un sistema antica\u00eddas es imprescindible comprobar si existe espacio suficiente para detener una ca\u00edda.<\/p>\n\n\n\n<p class=\"wp-block-paragraph\">Un error habitual es elegir un elemento demasiado largo sin comprobar si existe espacio suficiente por debajo.<\/p>\n<\/div>\n<\/div>\n\n\n\n<div class=\"wp-block-columns is-layout-flex wp-container-core-columns-is-layout-8f761849 wp-block-columns-is-layout-flex\">\n<div class=\"wp-block-column is-layout-flow wp-block-column-is-layout-flow\">\n<h3 class=\"wp-block-heading\">Utilizar un absorbedor de energ\u00eda incorrecto<\/h3>\n\n\n\n<p class=\"wp-block-paragraph\">El absorbedor es un componente fundamental porque limita las fuerzas transmitidas al trabajador.<\/p>\n\n\n\n<p class=\"wp-block-paragraph\">Sin embargo, no todos los absorbedores son adecuados para cualquier situaci\u00f3n.<\/p>\n\n\n\n<p class=\"wp-block-paragraph\">Un absorbedor activado tras una ca\u00edda nunca debe volver a utilizarse.<\/p>\n<\/div>\n\n\n\n<div class=\"wp-block-column is-layout-flow wp-block-column-is-layout-flow\">\n<h3 class=\"wp-block-heading\">Utilizar un retr\u00e1ctil no adecuado para la aplicaci\u00f3n<\/h3>\n\n\n\n<p class=\"wp-block-paragraph\">Los dispositivos retr\u00e1ctiles ofrecen grandes ventajas porque permiten libertad de movimiento, pero deben seleccionarse correctamente.<\/p>\n\n\n\n<p class=\"wp-block-paragraph\">Un error frecuente es utilizar un equipo dise\u00f1ado para una aplicaci\u00f3n concreta en una situaci\u00f3n diferente.<\/p>\n<\/div>\n<\/div>\n\n\n\n<div class=\"wp-block-columns is-layout-flex wp-container-core-columns-is-layout-8f761849 wp-block-columns-is-layout-flex\">\n<div class=\"wp-block-column is-layout-flow wp-block-column-is-layout-flow\">\n<h3 class=\"wp-block-heading\">Anclarse en puntos no adecuados<\/h3>\n\n\n\n<p class=\"wp-block-paragraph\">sistema antica\u00eddas solo funciona correctamente si el punto de conexi\u00f3n es seguro.<\/p>\n\n\n\n<p class=\"wp-block-paragraph\">Errores habituales:<\/p>\n\n\n\n<ul class=\"wp-block-list\">\n<li>conectarse a elementos que no son puntos de anclaje;<\/li>\n\n\n\n<li>utilizar estructuras sin comprobar su resistencia;<\/li>\n\n\n\n<li>anclarse a elementos improvisados;<\/li>\n\n\n\n<li>elegir una ubicaci\u00f3n que aumente el riesgo de efecto p\u00e9ndulo.<\/li>\n<\/ul>\n\n\n\n<p class=\"wp-block-paragraph\">El anclaje es una parte esencial del sistema y debe formar parte de la planificaci\u00f3n previa.<\/p>\n<\/div>\n\n\n\n<div class=\"wp-block-column is-layout-flow wp-block-column-is-layout-flow\">\n<h3 class=\"wp-block-heading\">No revisar el arn\u00e9s antes de utilizarlo<\/h3>\n\n\n\n<p class=\"wp-block-paragraph\">Un arn\u00e9s puede parecer correcto visualmente y, sin embargo, presentar da\u00f1os que comprometan su resistencia.<\/p>\n\n\n\n<p class=\"wp-block-paragraph\">Antes de cada uso debe realizarse una inspecci\u00f3n.<\/p>\n\n\n\n<p class=\"wp-block-paragraph\">La revisi\u00f3n no debe considerarse una tarea secundaria, sino una parte obligatoria del trabajo seguro.<\/p>\n<\/div>\n<\/div>\n\n\n\n<div class=\"wp-block-columns is-layout-flex wp-container-core-columns-is-layout-8f761849 wp-block-columns-is-layout-flex\">\n<div class=\"wp-block-column is-layout-flow wp-block-column-is-layout-flow\">\n<h3 class=\"wp-block-heading\">Trabajar con condiciones meteorol\u00f3gicas desfavorables<\/h3>\n\n\n\n<p class=\"wp-block-paragraph\">El viento, la lluvia o una superficie mojada pueden modificar completamente las condiciones de seguridad.<\/p>\n\n\n\n<p class=\"wp-block-paragraph\">Debe evitarse trabajar cuando las condiciones ambientales puedan comprometer la estabilidad del trabajador o el funcionamiento de los equipos..<\/p>\n<\/div>\n\n\n\n<div class=\"wp-block-column is-layout-flow wp-block-column-is-layout-flow\">\n<h3 class=\"wp-block-heading\">Confiarse por trabajar a poca altura<\/h3>\n\n\n\n<p class=\"wp-block-paragraph\">Como se ha explicado anteriormente, una de las situaciones m\u00e1s peligrosas es considerar que una altura reducida no supone riesgo.<\/p>\n\n\n\n<p class=\"wp-block-paragraph\">Una ca\u00edda desde una escalera, una plataforma baja o una cubierta puede provocar lesiones graves.<\/p>\n\n\n\n<p class=\"wp-block-paragraph\">La prevenci\u00f3n debe aplicarse siempre que exista riesgo de ca\u00edda.<\/p>\n<\/div>\n<\/div>\n\n\n\n<h2 class=\"wp-block-heading\"><span class=\"ez-toc-section\" id=\"%c2%bfque_normativa_regula_los_trabajos_en_altura_en_espana\"><\/span>\u00bfQu\u00e9 normativa regula los trabajos en altura en Espa\u00f1a?<span class=\"ez-toc-section-end\"><\/span><\/h2>\n\n\n\n<p class=\"wp-block-paragraph\">Los trabajos en altura est\u00e1n regulados por diferentes normativas que establecen las obligaciones de empresas, trabajadores y fabricantes para garantizar unas condiciones de trabajo seguras.<\/p>\n\n\n\n<h3 class=\"wp-block-heading\">Ley 31\/1995 de Prevenci\u00f3n de Riesgos Laborales<\/h3>\n\n\n\n<p class=\"wp-block-paragraph\">La Ley 31\/1995 establece el marco general de la prevenci\u00f3n de riesgos laborales en Espa\u00f1a.<\/p>\n\n\n\n<p class=\"wp-block-paragraph\">Esta ley define las obligaciones principales de las empresas:<\/p>\n\n\n\n<ul class=\"wp-block-list\">\n<li>Evaluar los riesgos existentes<\/li>\n\n\n\n<li>Planificar la actividad preventiva<\/li>\n\n\n\n<li>Proporcionar equipos adecuados<\/li>\n\n\n\n<li>Formar e informar a los trabajadores<\/li>\n\n\n\n<li>Adoptar medidas para eliminar o reducir los riesgos<\/li>\n<\/ul>\n\n\n\n<p class=\"wp-block-paragraph\">En trabajos en altura, esta evaluaci\u00f3n resulta fundamental para determinar qu\u00e9 medidas deben implantarse antes de comenzar una actividad.<\/p>\n\n\n\n<h3 class=\"wp-block-heading\">Real Decreto 1215\/1997 sobre equipos de trabajo<\/h3>\n\n\n\n<p class=\"wp-block-paragraph\">El Real Decreto 1215\/1997 establece las disposiciones m\u00ednimas de seguridad y salud para la utilizaci\u00f3n de equipos de trabajo.<\/p>\n\n\n\n<p class=\"wp-block-paragraph\">Afecta a equipos utilizados habitualmente en trabajos en altura como:<\/p>\n\n\n\n<ul class=\"wp-block-list\">\n<li>Plataformas elevadoras<\/li>\n\n\n\n<li>Andamios<\/li>\n\n\n\n<li>Escaleras<\/li>\n\n\n\n<li>Equipos auxiliares de acceso<\/li>\n<\/ul>\n\n\n\n<p class=\"wp-block-paragraph\">La norma indica que los equipos deben ser adecuados al trabajo que se realiza y utilizarse siguiendo condiciones que garanticen la seguridad del trabajador.<\/p>\n\n\n\n<h3 class=\"wp-block-heading\">Reglamento (UE) 2016\/425 sobre equipos de protecci\u00f3n individual<\/h3>\n\n\n\n<p class=\"wp-block-paragraph\">Los equipos utilizados para proteger frente a ca\u00eddas de altura est\u00e1n considerados equipos de protecci\u00f3n individual (EPI) y deben cumplir los requisitos establecidos por el Reglamento Europeo 2016\/425.<\/p>\n\n\n\n<p class=\"wp-block-paragraph\">Este reglamento establece:<\/p>\n\n\n\n<ul class=\"wp-block-list\">\n<li>Requisitos de dise\u00f1o<\/li>\n\n\n\n<li>Clasificaci\u00f3n de riesgos<\/li>\n\n\n\n<li>Marcado CE<\/li>\n\n\n\n<li>Documentaci\u00f3n t\u00e9cnica<\/li>\n\n\n\n<li>Obligaciones de fabricantes y distribuidores<\/li>\n<\/ul>\n\n\n\n<p class=\"wp-block-paragraph\">Los sistemas antica\u00eddas pertenecen a la categor\u00eda III de EPIs, ya que protegen frente a riesgos que pueden provocar consecuencias muy graves, incluida la muerte.<\/p>\n\n\n\n<h2 class=\"wp-block-heading\"><span class=\"ez-toc-section\" id=\"principales_normas_tecnicas_aplicables_a_los_sistemas_anticaidas\"><\/span>Principales normas t\u00e9cnicas aplicables a los sistemas antica\u00eddas<span class=\"ez-toc-section-end\"><\/span><\/h2>\n\n\n\n<div class=\"wp-block-columns is-layout-flex wp-container-core-columns-is-layout-8f761849 wp-block-columns-is-layout-flex\">\n<div class=\"wp-block-column is-layout-flow wp-block-column-is-layout-flow\">\n<p class=\"wp-block-paragraph\">Adem\u00e1s de la legislaci\u00f3n, existen normas t\u00e9cnicas europeas que definen las caracter\u00edsticas y ensayos que deben cumplir los equipos.<\/p>\n\n\n\n<div style=\"height:30px\" aria-hidden=\"true\" class=\"wp-block-spacer\"><\/div>\n\n\n\n<p class=\"wp-block-paragraph\"><strong>EN 361 \u2013 Arneses antica\u00eddas<\/strong>: Define los requisitos para los arneses destinados a detener una ca\u00edda.<\/p>\n\n\n\n<p class=\"wp-block-paragraph\"><strong>EN 363 &#8211; Sistemas antica\u00eddas<\/strong>: Establece los principios generales de los sistemas utilizados para detener una ca\u00edda.<\/p>\n\n\n\n<p class=\"wp-block-paragraph\"><strong>EN 365 &#8211; Inspecci\u00f3n y mantenimiento<\/strong>: Define los requisitos relacionados con instrucciones de uso, revisiones peri\u00f3dicas, mantenimiento y documentaci\u00f3n del equipo.<\/p>\n\n\n\n<p class=\"wp-block-paragraph\"><strong>EN 795 &#8211; Dispositivos de anclaje<\/strong>: Regula los requisitos de los dispositivos de anclaje utilizados como parte de un sistema de protecci\u00f3n contra ca\u00eddas.<\/p>\n\n\n\n<p class=\"wp-block-paragraph\"><strong>EN 358 &#8211; Sistemas de sujeci\u00f3n y posicionamiento: <\/strong>Se aplica a equipos destinados a permitir que el trabajador trabaje con las manos libres manteniendo una posici\u00f3n estable.<\/p>\n\n\n\n<p class=\"wp-block-paragraph\"><strong>EN 1496 &#8211; Dispositivos de salvamento mediante izado: <\/strong>Hace referencia a equipos destinados al rescate mediante elevaci\u00f3n.<\/p>\n\n\n\n<div style=\"height:30px\" aria-hidden=\"true\" class=\"wp-block-spacer\"><\/div>\n\n\n\n<p class=\"wp-block-paragraph\">Es especialmente relevante porque cualquier trabajo en altura debe considerar qu\u00e9 ocurrir\u00eda si un trabajador queda suspendido tras una ca\u00edda.<\/p>\n<\/div>\n<\/div>\n\n\n<div class=\"wp-block-image\">\n<figure class=\"aligncenter size-full is-resized\"><img loading=\"lazy\" decoding=\"async\" width=\"595\" height=\"813\" src=\"https:\/\/www.wurth.es\/blog\/wp-content\/uploads\/2026\/08\/Inspeccion-visual-de-un-arnes-anticaidas-comprobando-cintas-costuras-hebillas-y-puntos-de-conexion-antes-de-comenzar-el-trabajo.png\" alt=\"Inspecci\u00f3n visual de un arn\u00e9s antica\u00eddas comprobando cintas, costuras, hebillas y puntos de conexi\u00f3n antes de comenzar el trabajo.\" class=\"wp-image-9580\" style=\"object-fit:cover;width:500px;height:500px\" srcset=\"https:\/\/www.wurth.es\/blog\/wp-content\/uploads\/2026\/08\/Inspeccion-visual-de-un-arnes-anticaidas-comprobando-cintas-costuras-hebillas-y-puntos-de-conexion-antes-de-comenzar-el-trabajo.png 595w, https:\/\/www.wurth.es\/blog\/wp-content\/uploads\/2026\/08\/Inspeccion-visual-de-un-arnes-anticaidas-comprobando-cintas-costuras-hebillas-y-puntos-de-conexion-antes-de-comenzar-el-trabajo-220x300.png 220w\" sizes=\"(max-width: 595px) 100vw, 595px\" \/><\/figure>\n<\/div>\n\n\n<h2 class=\"wp-block-heading\"><span class=\"ez-toc-section\" id=\"preguntas_frecuentes_sobre_trabajos_en_altura\"><\/span>Preguntas frecuentes sobre trabajos en altura<span class=\"ez-toc-section-end\"><\/span><\/h2>\n\n\n\n<h3 class=\"wp-block-heading\">\u00bfA partir de qu\u00e9 altura es obligatorio utilizar un arn\u00e9s?<\/h3>\n\n\n\n<p class=\"wp-block-paragraph\">No existe una \u00fanica altura universal que determine autom\u00e1ticamente la obligaci\u00f3n de utilizar un arn\u00e9s.<\/p>\n\n\n\n<p class=\"wp-block-paragraph\">La necesidad depende de la existencia de riesgo de ca\u00edda y de la evaluaci\u00f3n realizada.<\/p>\n\n\n\n<p class=\"wp-block-paragraph\">Siempre que exista riesgo de ca\u00edda y no pueda eliminarse mediante otras medidas preventivas, debe utilizarse un sistema adecuado de protecci\u00f3n.<\/p>\n\n\n\n<h3 class=\"wp-block-heading\">\u00bfQu\u00e9 diferencia hay entre un arn\u00e9s y un cintur\u00f3n de seguridad?<\/h3>\n\n\n\n<p class=\"wp-block-paragraph\">Un arn\u00e9s antica\u00eddas distribuye las fuerzas generadas durante una ca\u00edda mediante diferentes puntos de conexi\u00f3n.<\/p>\n\n\n\n<p class=\"wp-block-paragraph\">Un cintur\u00f3n de posicionamiento est\u00e1 dise\u00f1ado para ayudar al trabajador a mantenerse estable durante una tarea, pero no sustituye a un sistema antica\u00eddas.<\/p>\n\n\n\n<h3 class=\"wp-block-heading\">\u00bfQu\u00e9 norma regula los arneses antica\u00eddas?<\/h3>\n\n\n\n<p class=\"wp-block-paragraph\">Los arneses antica\u00eddas deben cumplir principalmente la norma EN 361, adem\u00e1s de los requisitos establecidos por el Reglamento (UE) 2016\/425 sobre equipos de protecci\u00f3n individual.<\/p>\n\n\n\n<h3 class=\"wp-block-heading\">\u00bfQu\u00e9 diferencia hay entre una l\u00ednea de vida y un retr\u00e1ctil?<\/h3>\n\n\n\n<p class=\"wp-block-paragraph\">Una l\u00ednea de vida es un sistema de anclaje que permite conectar equipos de protecci\u00f3n durante un desplazamiento.<\/p>\n\n\n\n<p class=\"wp-block-paragraph\">Un retr\u00e1ctil es un dispositivo de conexi\u00f3n que bloquea autom\u00e1ticamente ante una ca\u00edda.<\/p>\n\n\n\n<p class=\"wp-block-paragraph\">Ambos pueden formar parte de un sistema antica\u00eddas, pero tienen funciones diferentes.<\/p>\n\n\n\n<h3 class=\"wp-block-heading\">\u00bfCu\u00e1ndo debe cambiarse un absorbedor?<\/h3>\n\n\n\n<p class=\"wp-block-paragraph\">Siempre que se haya activado durante una ca\u00edda debe retirarse.<\/p>\n\n\n\n<p class=\"wp-block-paragraph\">Un absorbedor abierto ha cumplido su funci\u00f3n y no debe volver a utilizarse.<\/p>\n\n\n\n<h3 class=\"wp-block-heading\">\u00bfQui\u00e9n puede revisar un arn\u00e9s?<\/h3>\n\n\n\n<p class=\"wp-block-paragraph\">La revisi\u00f3n debe realizarse siguiendo las indicaciones del fabricante y por personal competente con conocimientos adecuados sobre equipos de protecci\u00f3n contra ca\u00eddas.<\/p>\n\n\n\n<h3 class=\"wp-block-heading\">\u00bfQu\u00e9 ocurre si no se utilizan los EPIs obligatorios?<\/h3>\n\n\n\n<p class=\"wp-block-paragraph\">No utilizar los equipos de protecci\u00f3n establecidos supone incumplir las medidas preventivas y puede poner en riesgo la vida del trabajador.<\/p>\n\n\n\n<p class=\"wp-block-paragraph\">Adem\u00e1s, puede generar responsabilidades para la empresa y el trabajador seg\u00fan las circunstancias del caso.<\/p>\n\n\n\n<h3 class=\"wp-block-heading\">\u00bfQu\u00e9 es el efecto p\u00e9ndulo?<\/h3>\n\n\n\n<p class=\"wp-block-paragraph\">Es el desplazamiento lateral que puede producirse durante una ca\u00edda cuando el trabajador est\u00e1 conectado a un punto de anclaje situado lejos de la vertical del lugar de trabajo.<\/p>\n\n\n\n<p class=\"wp-block-paragraph\">Puede provocar golpes contra estructuras cercanas.<\/p>\n\n\n\n<h3 class=\"wp-block-heading\">\u00bfQu\u00e9 es la suspensi\u00f3n inerte?<\/h3>\n\n\n\n<p class=\"wp-block-paragraph\">Es la situaci\u00f3n en la que un trabajador permanece suspendido despu\u00e9s de una ca\u00edda.<\/p>\n\n\n\n<p class=\"wp-block-paragraph\">La permanencia prolongada en esta posici\u00f3n puede generar consecuencias graves, por lo que es necesario disponer de un procedimiento de rescate.<\/p>\n\n\n\n<div class=\"wp-block-media-text alignwide is-stacked-on-mobile has-white-color has-text-color has-background\" style=\"background-color:#c00000;grid-template-columns:15% auto\"><figure class=\"wp-block-media-text__media\"><img loading=\"lazy\" decoding=\"async\" width=\"737\" height=\"907\" src=\"https:\/\/www.wurth.es\/blog\/wp-content\/uploads\/2024\/12\/Eduardo-Pinto-53210.jpg\" alt=\"\" class=\"wp-image-6705 size-full\" srcset=\"https:\/\/www.wurth.es\/blog\/wp-content\/uploads\/2024\/12\/Eduardo-Pinto-53210.jpg 737w, https:\/\/www.wurth.es\/blog\/wp-content\/uploads\/2024\/12\/Eduardo-Pinto-53210-244x300.jpg 244w\" sizes=\"(max-width: 737px) 100vw, 737px\" \/><\/figure><div class=\"wp-block-media-text__content\">\n<p class=\"wp-block-paragraph\"><strong>AUTOR<\/strong><br>Eduardo Pinto Librada, Prescriptor PRL<\/p>\n\n\n\n<div class=\"wp-block-buttons is-layout-flex wp-block-buttons-is-layout-flex\">\n<div class=\"wp-block-button\"><a class=\"wp-block-button__link wp-element-button\" href=\"mailto:prescriptores.gama@wurth.es\">Contactar<\/a><\/div>\n<\/div>\n<\/div><\/div>\n\n\n\n<div style=\"height:30px\" aria-hidden=\"true\" class=\"wp-block-spacer\"><\/div>\n\n\n\n<div class=\"wp-block-media-text alignwide is-stacked-on-mobile has-white-color has-text-color has-background\" style=\"background-color:#c00000;grid-template-columns:15% auto\"><figure class=\"wp-block-media-text__media\"><img loading=\"lazy\" decoding=\"async\" width=\"139\" height=\"171\" src=\"https:\/\/www.wurth.es\/blog\/wp-content\/uploads\/2025\/02\/image-28.png\" alt=\"\" class=\"wp-image-7135 size-full\"\/><\/figure><div class=\"wp-block-media-text__content\">\n<p class=\"wp-block-paragraph\"><strong>AUTOR<\/strong><br>Noelia Matamoros (Prescriptora PRL Catalu\u00f1a Norte)<\/p>\n\n\n\n<div class=\"wp-block-buttons is-layout-flex wp-block-buttons-is-layout-flex\">\n<div class=\"wp-block-button\"><a class=\"wp-block-button__link wp-element-button\" href=\"mailto:prescriptores.gama@wurth.es\">Contactar<\/a><\/div>\n<\/div>\n<\/div><\/div>\n","protected":false},"excerpt":{"rendered":"<p>Los trabajos en altura contin\u00faan siendo una de las actividades con mayor \u00edndice de siniestralidad&#8230;<\/p>\n","protected":false},"author":3,"featured_media":9578,"comment_status":"closed","ping_status":"closed","sticky":false,"template":"","format":"standard","meta":{"footnotes":""},"categories":[6,7,5,8,144,4],"tags":[149,141,151],"class_list":["post-9566","post","type-post","status-publish","format-standard","has-post-thumbnail","hentry","category-construccion","category-instaladores","category-madera","category-mantenimiento","category-maritimo","category-metal","tag-departamento-de-prescripcion-de-gama","tag-publicaciones-home","tag-seguridad-y-salud"],"_links":{"self":[{"href":"https:\/\/www.wurth.es\/blog\/wp-json\/wp\/v2\/posts\/9566","targetHints":{"allow":["GET"]}}],"collection":[{"href":"https:\/\/www.wurth.es\/blog\/wp-json\/wp\/v2\/posts"}],"about":[{"href":"https:\/\/www.wurth.es\/blog\/wp-json\/wp\/v2\/types\/post"}],"author":[{"embeddable":true,"href":"https:\/\/www.wurth.es\/blog\/wp-json\/wp\/v2\/users\/3"}],"replies":[{"embeddable":true,"href":"https:\/\/www.wurth.es\/blog\/wp-json\/wp\/v2\/comments?post=9566"}],"version-history":[{"count":22,"href":"https:\/\/www.wurth.es\/blog\/wp-json\/wp\/v2\/posts\/9566\/revisions"}],"predecessor-version":[{"id":9749,"href":"https:\/\/www.wurth.es\/blog\/wp-json\/wp\/v2\/posts\/9566\/revisions\/9749"}],"wp:featuredmedia":[{"embeddable":true,"href":"https:\/\/www.wurth.es\/blog\/wp-json\/wp\/v2\/media\/9578"}],"wp:attachment":[{"href":"https:\/\/www.wurth.es\/blog\/wp-json\/wp\/v2\/media?parent=9566"}],"wp:term":[{"taxonomy":"category","embeddable":true,"href":"https:\/\/www.wurth.es\/blog\/wp-json\/wp\/v2\/categories?post=9566"},{"taxonomy":"post_tag","embeddable":true,"href":"https:\/\/www.wurth.es\/blog\/wp-json\/wp\/v2\/tags?post=9566"}],"curies":[{"name":"wp","href":"https:\/\/api.w.org\/{rel}","templated":true}]}}