{"id":7772,"date":"2025-06-18T05:59:47","date_gmt":"2025-06-18T05:59:47","guid":{"rendered":"https:\/\/www.wurth.es\/blog\/?p=7772"},"modified":"2025-06-18T05:59:49","modified_gmt":"2025-06-18T05:59:49","slug":"wurth-espana-impulsa-la-sostenibilidad-con-nuevas-estaciones-de-carga-para-vehiculos-electricos","status":"publish","type":"post","link":"https:\/\/www.wurth.es\/blog\/wurth-espana-impulsa-la-sostenibilidad-con-nuevas-estaciones-de-carga-para-vehiculos-electricos\/","title":{"rendered":"W\u00fcrth Espa\u00f1a impulsa la sostenibilidad con nuevas estaciones de carga para veh\u00edculos el\u00e9ctricos"},"content":{"rendered":"<div id=\"ez-toc-container\" class=\"ez-toc-v2_0_79_2 ez-toc-wrap-center counter-hierarchy ez-toc-counter ez-toc-custom ez-toc-container-direction\">\n<div class=\"ez-toc-title-container\">\n<p class=\"ez-toc-title\" style=\"cursor:inherit\">Tabla de contenidos:<\/p>\n<span class=\"ez-toc-title-toggle\"><a href=\"#\" class=\"ez-toc-pull-right ez-toc-btn ez-toc-btn-xs ez-toc-btn-default ez-toc-toggle\" aria-label=\"Alternar tabla de contenidos\"><span class=\"ez-toc-js-icon-con\"><span class=\"\"><span class=\"eztoc-hide\" style=\"display:none;\">Toggle<\/span><span class=\"ez-toc-icon-toggle-span\"><svg style=\"fill: #c00000;color:#c00000\" xmlns=\"http:\/\/www.w3.org\/2000\/svg\" class=\"list-377408\" width=\"20px\" height=\"20px\" viewBox=\"0 0 24 24\" fill=\"none\"><path d=\"M6 6H4v2h2V6zm14 0H8v2h12V6zM4 11h2v2H4v-2zm16 0H8v2h12v-2zM4 16h2v2H4v-2zm16 0H8v2h12v-2z\" fill=\"currentColor\"><\/path><\/svg><svg style=\"fill: #c00000;color:#c00000\" class=\"arrow-unsorted-368013\" xmlns=\"http:\/\/www.w3.org\/2000\/svg\" width=\"10px\" height=\"10px\" viewBox=\"0 0 24 24\" version=\"1.2\" baseProfile=\"tiny\"><path d=\"M18.2 9.3l-6.2-6.3-6.2 6.3c-.2.2-.3.4-.3.7s.1.5.3.7c.2.2.4.3.7.3h11c.3 0 .5-.1.7-.3.2-.2.3-.5.3-.7s-.1-.5-.3-.7zM5.8 14.7l6.2 6.3 6.2-6.3c.2-.2.3-.5.3-.7s-.1-.5-.3-.7c-.2-.2-.4-.3-.7-.3h-11c-.3 0-.5.1-.7.3-.2.2-.3.5-.3.7s.1.5.3.7z\"\/><\/svg><\/span><\/span><\/span><\/a><\/span><\/div>\n<nav><ul class='ez-toc-list ez-toc-list-level-1 ' ><li class='ez-toc-page-1 ez-toc-heading-level-2'><a class=\"ez-toc-link ez-toc-heading-1\" href=\"https:\/\/www.wurth.es\/blog\/wurth-espana-impulsa-la-sostenibilidad-con-nuevas-estaciones-de-carga-para-vehiculos-electricos\/#movilidad_sostenible_para_empleados\" >Movilidad sostenible para empleados<\/a><\/li><li class='ez-toc-page-1 ez-toc-heading-level-2'><a class=\"ez-toc-link ez-toc-heading-2\" href=\"https:\/\/www.wurth.es\/blog\/wurth-espana-impulsa-la-sostenibilidad-con-nuevas-estaciones-de-carga-para-vehiculos-electricos\/#energia_100_renovable\" >Energ\u00eda 100% renovable<\/a><\/li><li class='ez-toc-page-1 ez-toc-heading-level-2'><a class=\"ez-toc-link ez-toc-heading-3\" href=\"https:\/\/www.wurth.es\/blog\/wurth-espana-impulsa-la-sostenibilidad-con-nuevas-estaciones-de-carga-para-vehiculos-electricos\/#expansion_de_infraestructura_de_carga\" >Expansi\u00f3n de infraestructura de carga<\/a><\/li><li class='ez-toc-page-1 ez-toc-heading-level-2'><a class=\"ez-toc-link ez-toc-heading-4\" href=\"https:\/\/www.wurth.es\/blog\/wurth-espana-impulsa-la-sostenibilidad-con-nuevas-estaciones-de-carga-para-vehiculos-electricos\/#un_compromiso_real_con_el_medio_ambiente\" >Un compromiso real con el medio ambiente<\/a><\/li><\/ul><\/nav><\/div>\n\n<p>En l\u00ednea con su firme compromiso con la sostenibilidad y la reducci\u00f3n de emisiones de carbono, W\u00fcrth Espa\u00f1a ha dado un paso significativo al electrificar parte de su flota de veh\u00edculos y habilitar nuevas estaciones de carga en sus sedes de Palau y Agoncillo. Esta iniciativa forma parte del Plan de Sostenibilidad y tiene como objetivo minimizar su huella ambiental, reduciendo de forma considerable las emisiones de gases de efecto invernadero.<\/p>\n\n\n<div class=\"wp-block-image\">\n<figure class=\"aligncenter size-large is-resized\"><img fetchpriority=\"high\" decoding=\"async\" width=\"1024\" height=\"576\" src=\"https:\/\/www.wurth.es\/blog\/wp-content\/uploads\/2025\/05\/Multimedia-12-1024x576.jpg\" alt=\"\" class=\"wp-image-7782\" style=\"width:749px;height:420px\" srcset=\"https:\/\/www.wurth.es\/blog\/wp-content\/uploads\/2025\/05\/Multimedia-12-1024x576.jpg 1024w, https:\/\/www.wurth.es\/blog\/wp-content\/uploads\/2025\/05\/Multimedia-12-300x169.jpg 300w, https:\/\/www.wurth.es\/blog\/wp-content\/uploads\/2025\/05\/Multimedia-12-768x432.jpg 768w, https:\/\/www.wurth.es\/blog\/wp-content\/uploads\/2025\/05\/Multimedia-12-1536x864.jpg 1536w, https:\/\/www.wurth.es\/blog\/wp-content\/uploads\/2025\/05\/Multimedia-12.jpg 2000w\" sizes=\"(max-width: 1024px) 100vw, 1024px\" \/><figcaption class=\"wp-element-caption\">Estaci\u00f3n de carga situada en la sede de Agoncillo<\/figcaption><\/figure>\n<\/div>\n\n\n<h2 class=\"wp-block-heading\"><span class=\"ez-toc-section\" id=\"movilidad_sostenible_para_empleados\"><\/span>Movilidad sostenible para empleados<span class=\"ez-toc-section-end\"><\/span><\/h2>\n\n\n\n<p>En esta primera fase, se han habilitado estaciones de carga para veh\u00edculos h\u00edbridos y el\u00e9ctricos dentro de las instalaciones de ambas sedes. Las estaciones de carga han sido instaladas en puntos estrat\u00e9gicos para garantizar su disponibilidad y facilidad de uso.<\/p>\n\n\n\n<h2 class=\"wp-block-heading\"><span class=\"ez-toc-section\" id=\"energia_100_renovable\"><\/span>Energ\u00eda 100% renovable<span class=\"ez-toc-section-end\"><\/span><\/h2>\n\n\n\n<p>Uno de los aspectos m\u00e1s destacados de esta iniciativa es que toda la energ\u00eda utilizada en estas estaciones proviene de fuentes de or\u00edgen renovable. W\u00fcrth Espa\u00f1a garantiza que la electricidad consumida en sus instalaciones proviene de placas fotovoltaicas propias o mediante la compra de energ\u00eda verde con origen de garant\u00eda.<\/p>\n\n\n\n<p>Este enfoque garantiza que toda la energ\u00eda consumida provenga de fuentes renovables certificadas, reduciendo dr\u00e1sticamente el impacto ambiental asociado al mix el\u00e9ctrico general, que incluye fuentes de energ\u00eda como el gas natural, el carb\u00f3n o la energ\u00eda nuclear.<\/p>\n\n\n\n<h2 class=\"wp-block-heading\"><span class=\"ez-toc-section\" id=\"expansion_de_infraestructura_de_carga\"><\/span>Expansi\u00f3n de infraestructura de carga<span class=\"ez-toc-section-end\"><\/span><\/h2>\n\n\n\n<p>En la sede de Agoncillo se han instalado 10 cargadores de coche el\u00e9ctrico, cada uno con una capacidad de 7,4 kW. Por su parte, la sede de Palau cuenta ya con 12 nuevos cargadores, que se suman a los 2 ya existentes, alcanzando as\u00ed un total de 14 puntos activos. Esto eleva la infraestructura total a 38 cargadores operativos entre ambas sedes.<\/p>\n\n\n\n<p>Adem\u00e1s, en el Edificio de Formaci\u00f3n de la sede de Palau se instalar\u00e1n otros 10 cargadores adicionales al finalizar las obras de ampliaci\u00f3n del aparcamiento. Esta expansi\u00f3n permitir\u00e1 cubrir la demanda de carga el\u00e9ctrica en todos los edificios del complejo.<\/p>\n\n\n\n<h2 class=\"wp-block-heading\"><span class=\"ez-toc-section\" id=\"un_compromiso_real_con_el_medio_ambiente\"><\/span>Un compromiso real con el medio ambiente<span class=\"ez-toc-section-end\"><\/span><\/h2>\n\n\n\n<p>Estas instalaciones no solo son un avance t\u00e9cnico, sino tambi\u00e9n un testimonio claro del compromiso de W\u00fcrth Espa\u00f1a con una movilidad m\u00e1s limpia, responsable y respetuosa con el planeta. Creemos firmemente que cada peque\u00f1o paso hacia la sostenibilidad cuenta, y estas nuevas instalaciones de carga son un testimonio de la visi\u00f3n de sostenibilidad y responsabilidad social del Grupo W\u00fcrth.<\/p>\n\n\n\n<div style=\"height:19px\" aria-hidden=\"true\" class=\"wp-block-spacer\"><\/div>\n\n\n<div style=\"background-color:#c00000;\" class=\"wp-block-post-author has-text-color has-white-color has-background has-medium-font-size\"><div class=\"wp-block-post-author__avatar\"><img alt='' src='https:\/\/secure.gravatar.com\/avatar\/c26fc8bce3d292bd93b94d000c4f49936f4a5eb8434f2a101cfe496fa7ebc494?s=96&#038;d=mm&#038;r=g' srcset='https:\/\/secure.gravatar.com\/avatar\/c26fc8bce3d292bd93b94d000c4f49936f4a5eb8434f2a101cfe496fa7ebc494?s=192&#038;d=mm&#038;r=g 2x' class='avatar avatar-96 photo' height='96' width='96' \/><\/div><div class=\"wp-block-post-author__content\"><p class=\"wp-block-post-author__byline\">Sobre el autor<\/p><p class=\"wp-block-post-author__name\">Adri\u00e1n M\u00edguez<\/p><p class=\"wp-block-post-author__bio\">Team Leader Search Engine Marketing, Digital Analytics &amp; Social Media<\/p><\/div><\/div>","protected":false},"excerpt":{"rendered":"<p>En l\u00ednea con su firme compromiso con la sostenibilidad y la reducci\u00f3n de emisiones de&#8230;<\/p>\n","protected":false},"author":3,"featured_media":7777,"comment_status":"closed","ping_status":"open","sticky":false,"template":"","format":"standard","meta":{"footnotes":""},"categories":[140],"tags":[141,150],"class_list":["post-7772","post","type-post","status-publish","format-standard","has-post-thumbnail","hentry","category-noticias","tag-publicaciones-home","tag-sostenibilidad"],"_links":{"self":[{"href":"https:\/\/www.wurth.es\/blog\/wp-json\/wp\/v2\/posts\/7772","targetHints":{"allow":["GET"]}}],"collection":[{"href":"https:\/\/www.wurth.es\/blog\/wp-json\/wp\/v2\/posts"}],"about":[{"href":"https:\/\/www.wurth.es\/blog\/wp-json\/wp\/v2\/types\/post"}],"author":[{"embeddable":true,"href":"https:\/\/www.wurth.es\/blog\/wp-json\/wp\/v2\/users\/3"}],"replies":[{"embeddable":true,"href":"https:\/\/www.wurth.es\/blog\/wp-json\/wp\/v2\/comments?post=7772"}],"version-history":[{"count":12,"href":"https:\/\/www.wurth.es\/blog\/wp-json\/wp\/v2\/posts\/7772\/revisions"}],"predecessor-version":[{"id":7858,"href":"https:\/\/www.wurth.es\/blog\/wp-json\/wp\/v2\/posts\/7772\/revisions\/7858"}],"wp:featuredmedia":[{"embeddable":true,"href":"https:\/\/www.wurth.es\/blog\/wp-json\/wp\/v2\/media\/7777"}],"wp:attachment":[{"href":"https:\/\/www.wurth.es\/blog\/wp-json\/wp\/v2\/media?parent=7772"}],"wp:term":[{"taxonomy":"category","embeddable":true,"href":"https:\/\/www.wurth.es\/blog\/wp-json\/wp\/v2\/categories?post=7772"},{"taxonomy":"post_tag","embeddable":true,"href":"https:\/\/www.wurth.es\/blog\/wp-json\/wp\/v2\/tags?post=7772"}],"curies":[{"name":"wp","href":"https:\/\/api.w.org\/{rel}","templated":true}]}}