{"id":6808,"date":"2025-01-28T07:40:17","date_gmt":"2025-01-28T07:40:17","guid":{"rendered":"https:\/\/www.wurth.es\/blog\/?p=6808"},"modified":"2025-04-01T07:22:55","modified_gmt":"2025-04-01T07:22:55","slug":"fundacion-josep-carreras","status":"publish","type":"post","link":"https:\/\/www.wurth.es\/blog\/fundacion-josep-carreras\/","title":{"rendered":"20 a\u00f1os de compromiso con la Fundaci\u00f3n Josep Carreras"},"content":{"rendered":"<div id=\"ez-toc-container\" class=\"ez-toc-v2_0_79_2 ez-toc-wrap-center counter-hierarchy ez-toc-counter ez-toc-custom ez-toc-container-direction\">\n<div class=\"ez-toc-title-container\">\n<p class=\"ez-toc-title\" style=\"cursor:inherit\">Tabla de contenidos:<\/p>\n<span class=\"ez-toc-title-toggle\"><a href=\"#\" class=\"ez-toc-pull-right ez-toc-btn ez-toc-btn-xs ez-toc-btn-default ez-toc-toggle\" aria-label=\"Alternar tabla de contenidos\"><span class=\"ez-toc-js-icon-con\"><span class=\"\"><span class=\"eztoc-hide\" style=\"display:none;\">Toggle<\/span><span class=\"ez-toc-icon-toggle-span\"><svg style=\"fill: #c00000;color:#c00000\" xmlns=\"http:\/\/www.w3.org\/2000\/svg\" class=\"list-377408\" width=\"20px\" height=\"20px\" viewBox=\"0 0 24 24\" fill=\"none\"><path d=\"M6 6H4v2h2V6zm14 0H8v2h12V6zM4 11h2v2H4v-2zm16 0H8v2h12v-2zM4 16h2v2H4v-2zm16 0H8v2h12v-2z\" fill=\"currentColor\"><\/path><\/svg><svg style=\"fill: #c00000;color:#c00000\" class=\"arrow-unsorted-368013\" xmlns=\"http:\/\/www.w3.org\/2000\/svg\" width=\"10px\" height=\"10px\" viewBox=\"0 0 24 24\" version=\"1.2\" baseProfile=\"tiny\"><path d=\"M18.2 9.3l-6.2-6.3-6.2 6.3c-.2.2-.3.4-.3.7s.1.5.3.7c.2.2.4.3.7.3h11c.3 0 .5-.1.7-.3.2-.2.3-.5.3-.7s-.1-.5-.3-.7zM5.8 14.7l6.2 6.3 6.2-6.3c.2-.2.3-.5.3-.7s-.1-.5-.3-.7c-.2-.2-.4-.3-.7-.3h-11c-.3 0-.5.1-.7.3-.2.2-.3.5-.3.7s.1.5.3.7z\"\/><\/svg><\/span><\/span><\/span><\/a><\/span><\/div>\n<nav><ul class='ez-toc-list ez-toc-list-level-1 ' ><li class='ez-toc-page-1 ez-toc-heading-level-2'><a class=\"ez-toc-link ez-toc-heading-1\" href=\"https:\/\/www.wurth.es\/blog\/fundacion-josep-carreras\/#la_fundacion_carreras\" >La Fundaci\u00f3n Carreras<\/a><\/li><li class='ez-toc-page-1 ez-toc-heading-level-2'><a class=\"ez-toc-link ez-toc-heading-2\" href=\"https:\/\/www.wurth.es\/blog\/fundacion-josep-carreras\/#wurth_espana_y_la_fundacion_carreras\" >W\u00fcrth Espa\u00f1a y la Fundaci\u00f3n Carreras<\/a><\/li><\/ul><\/nav><\/div>\n\n<p>Desde 2005, W\u00fcrth Espa\u00f1a ha trabajado de la mano de la <strong>Fundaci\u00f3n Josep Carreras<\/strong> para contribuir a la lucha contra la leucemia. Esta colaboraci\u00f3n forma parte de nuestro <strong>compromiso social<\/strong>, aline\u00e1ndonos con la misi\u00f3n de la Fundaci\u00f3n de <strong>mejorar la vida de los pacientes y a impulsar la investigaci\u00f3n m\u00e9dica<\/strong>. <\/p>\n\n\n\n<h2 class=\"wp-block-heading\"><span class=\"ez-toc-section\" id=\"la_fundacion_carreras\"><\/span><strong>La Fundaci\u00f3n Carreras<\/strong><span class=\"ez-toc-section-end\"><\/span><\/h2>\n\n\n\n<div class=\"wp-block-cover is-light\" style=\"min-height:224px;aspect-ratio:unset;\"><span aria-hidden=\"true\" class=\"wp-block-cover__background has-background-dim-10 has-background-dim\"><\/span><img fetchpriority=\"high\" decoding=\"async\" width=\"800\" height=\"533\" class=\"wp-block-cover__image-background wp-image-6820\" alt=\"\" src=\"https:\/\/www.wurth.es\/blog\/wp-content\/uploads\/2025\/01\/5-10-18.jpg\" style=\"object-position:60% 66%\" data-object-fit=\"cover\" data-object-position=\"60% 66%\" srcset=\"https:\/\/www.wurth.es\/blog\/wp-content\/uploads\/2025\/01\/5-10-18.jpg 800w, https:\/\/www.wurth.es\/blog\/wp-content\/uploads\/2025\/01\/5-10-18-300x200.jpg 300w, https:\/\/www.wurth.es\/blog\/wp-content\/uploads\/2025\/01\/5-10-18-768x512.jpg 768w\" sizes=\"(max-width: 800px) 100vw, 800px\" \/><div class=\"wp-block-cover__inner-container is-layout-flow wp-block-cover-is-layout-flow\">\n<p class=\"has-text-align-center has-large-font-size\"><\/p>\n<\/div><\/div>\n\n\n\n<p>La Fundaci\u00f3n Josep Carreras <strong>naci\u00f3 hace m\u00e1s de 35 a\u00f1os<\/strong> y, desde su creaci\u00f3n, ha trabajado incansablemente para erradicar esta enfermedad. Su objetivo es claro: <strong>lograr que la leucemia sea, alg\u00fan d\u00eda, una enfermedad 100% curable<\/strong>. A lo largo de su trayectoria, ha liderado <strong>numerosos proyectos de investigaci\u00f3n de relevancia internacional<\/strong> y, en 2018, inaugur\u00f3 el <strong>Instituto de Investigaci\u00f3n Josep Carreras<\/strong>, considerado el mayor centro europeo dedicado exclusivamente al estudio de la leucemia y otras enfermedades de la sangre. <\/p>\n\n\n\n<p>La Fundaci\u00f3n Josep Carreras desarrolla una serie de <strong>actividades fundamentales<\/strong> en su lucha contra la leucemia y otras enfermedades hematol\u00f3gicas:<\/p>\n\n\n\n<ol class=\"wp-block-list\">\n<li><strong>Instituto de Investigaci\u00f3n contra la Leucemia (IJC)<\/strong>: el IJC est\u00e1 dedicado a la <strong>investigaci\u00f3n avanzada en leucemias, linfomas, mieloma m\u00faltiple y s\u00edndromes mielodispl\u00e1sicos<\/strong>. Este centro de investigaci\u00f3n ha superado las <strong>600.000 horas de estudio y experimentaci\u00f3n<\/strong>, centr\u00e1ndose tanto en los tipos de c\u00e1ncer m\u00e1s frecuentes como en los m\u00e1s raros. Su objetivo es mejorar los tratamientos, encontrar nuevas terapias y, en \u00faltima instancia, lograr la curaci\u00f3n de estas enfermedades hematol\u00f3gicas.<\/li>\n\n\n\n<li><strong>Registro de Donantes de M\u00e9dula \u00d3sea (REDMO)<\/strong>: este programa se encarga de gestionar un registro de donantes, lo que permite localizar donantes an\u00f3nimos para pacientes que necesitan un trasplante de m\u00e9dula \u00f3sea. Gracias a este registro, la Fundaci\u00f3n ha <strong>facilitado m\u00e1s de 13.000 trasplantes a nivel mundial<\/strong>, contribuyendo significativamente a salvar vidas de personas con enfermedades hematol\u00f3gicas graves.<\/li>\n\n\n\n<li><strong>Programa de Experiencia del Paciente y Pisos de Acogida<\/strong>: la Fundaci\u00f3n ofrece <strong>apoyo integral a los pacientes y sus familias<\/strong> a trav\u00e9s de este programa. Han atendido m\u00e1s de 20.000 consultas de pacientes, proporcionando <strong>orientaci\u00f3n y apoyo emocional<\/strong>. Adem\u00e1s, gestionan <strong>pisos de acogida<\/strong> donde m\u00e1s de 500 familias han encontrado un lugar seguro y c\u00f3modo durante el tratamiento de sus seres queridos, garantizando as\u00ed que puedan concentrarse en la recuperaci\u00f3n sin preocupaciones log\u00edsticas.<\/li>\n<\/ol>\n\n\n\n<h2 class=\"wp-block-heading\"><span class=\"ez-toc-section\" id=\"wurth_espana_y_la_fundacion_carreras\"><\/span><strong>W\u00fcrth Espa\u00f1a y la Fundaci\u00f3n Carreras<\/strong><span class=\"ez-toc-section-end\"><\/span><\/h2>\n\n\n\n<div class=\"wp-block-cover is-light\" style=\"min-height:195px;aspect-ratio:unset;\"><span aria-hidden=\"true\" class=\"wp-block-cover__background has-background-dim-10 has-background-dim\"><\/span><img decoding=\"async\" width=\"1024\" height=\"683\" class=\"wp-block-cover__image-background wp-image-6822\" alt=\"\" src=\"https:\/\/www.wurth.es\/blog\/wp-content\/uploads\/2025\/01\/fundacion-1-1-1024x683.png\" style=\"object-position:54% 60%\" data-object-fit=\"cover\" data-object-position=\"54% 60%\" srcset=\"https:\/\/www.wurth.es\/blog\/wp-content\/uploads\/2025\/01\/fundacion-1-1-1024x683.png 1024w, https:\/\/www.wurth.es\/blog\/wp-content\/uploads\/2025\/01\/fundacion-1-1-300x200.png 300w, https:\/\/www.wurth.es\/blog\/wp-content\/uploads\/2025\/01\/fundacion-1-1-768x512.png 768w, https:\/\/www.wurth.es\/blog\/wp-content\/uploads\/2025\/01\/fundacion-1-1-1536x1025.png 1536w, https:\/\/www.wurth.es\/blog\/wp-content\/uploads\/2025\/01\/fundacion-1-1-2048x1366.png 2048w\" sizes=\"(max-width: 1024px) 100vw, 1024px\" \/><div class=\"wp-block-cover__inner-container is-layout-flow wp-block-cover-is-layout-flow\">\n<p class=\"has-text-align-center has-large-font-size\"><\/p>\n<\/div><\/div>\n\n\n\n<p>Adem\u00e1s de las donaciones econ\u00f3micas, W\u00fcrth Espa\u00f1a colabora con la Fundaci\u00f3n Josep Carreras de manera activa en la mejora de la infraestructura de apoyo a los pacientes. En el marco del <strong>Programa de Experiencia del Paciente y Pisos de Acogida<\/strong>, W\u00fcrth Espa\u00f1a colabora con la Fundaci\u00f3n Josep Carreras proporcionando <strong>herramientas <\/strong>esenciales para el <strong>mantenimiento y mejora de los pisos<\/strong>. Estos alojamientos gratuitos, que ofrecen un espacio seguro y cercano a los hospitales para las familias que deben trasladarse a Barcelona, se benefician de la <strong>dotaci\u00f3n de herramientas<\/strong> que contribuyen al bienestar y confort de los pacientes y sus familiares durante su tratamiento.<\/p>\n\n\n\n<p>A lo largo de casi dos d\u00e9cadas, el compromiso conjunto ha permitido superar el <strong>medio mill\u00f3n de euros en donaciones acumuladas<\/strong>. Este logro representa mucho m\u00e1s que una cifra: es un paso m\u00e1s hacia un futuro sin leucemia. <\/p>\n\n\n\n<p>El camino hacia la cura de la leucemia a\u00fan no ha terminado, y en W\u00fcrth Espa\u00f1a renovamos nuestra <strong>promesa de continuar respaldando a la Fundaci\u00f3n Josep Carreras<\/strong>. Seguiremos aportando recursos econ\u00f3micos y herramientas para que, juntos, podamos <strong>acercarnos cada vez m\u00e1s a un futuro libre de leucemia<\/strong>. Creemos firmemente que cada acci\u00f3n cuenta y que, juntos, podemos seguir construyendo un mundo mejor.<\/p>\n\n\n\n<figure class=\"wp-block-embed is-type-video is-provider-youtube wp-block-embed-youtube wp-embed-aspect-16-9 wp-has-aspect-ratio\"><div class=\"wp-block-embed__wrapper\">\n<iframe title=\"Unidos en la lucha contra la leucemia\" width=\"640\" height=\"360\" src=\"https:\/\/www.youtube.com\/embed\/12AFzLeNoTY?feature=oembed\" frameborder=\"0\" allow=\"accelerometer; autoplay; clipboard-write; encrypted-media; gyroscope; picture-in-picture; web-share\" referrerpolicy=\"strict-origin-when-cross-origin\" allowfullscreen><\/iframe>\n<\/div><\/figure>\n\n\n<div style=\"background-color:#c00000;\" class=\"wp-block-post-author has-text-color has-white-color has-background has-medium-font-size\"><div class=\"wp-block-post-author__avatar\"><img alt='' src='https:\/\/secure.gravatar.com\/avatar\/c26fc8bce3d292bd93b94d000c4f49936f4a5eb8434f2a101cfe496fa7ebc494?s=96&#038;d=mm&#038;r=g' srcset='https:\/\/secure.gravatar.com\/avatar\/c26fc8bce3d292bd93b94d000c4f49936f4a5eb8434f2a101cfe496fa7ebc494?s=192&#038;d=mm&#038;r=g 2x' class='avatar avatar-96 photo' height='96' width='96' \/><\/div><div class=\"wp-block-post-author__content\"><p class=\"wp-block-post-author__byline\">Sobre el autor<\/p><p class=\"wp-block-post-author__name\">Adri\u00e1n M\u00edguez<\/p><p class=\"wp-block-post-author__bio\">Team Leader Search Engine Marketing, Digital Analytics &amp; Social Media<\/p><\/div><\/div>","protected":false},"excerpt":{"rendered":"<p>Desde 2005, W\u00fcrth Espa\u00f1a ha trabajado de la mano de la Fundaci\u00f3n Josep Carreras para&#8230;<\/p>\n","protected":false},"author":3,"featured_media":7218,"comment_status":"closed","ping_status":"open","sticky":false,"template":"","format":"standard","meta":{"footnotes":""},"categories":[140],"tags":[152,141],"class_list":["post-6808","post","type-post","status-publish","format-standard","has-post-thumbnail","hentry","category-noticias","tag-crecemos-en-equipo","tag-publicaciones-home"],"_links":{"self":[{"href":"https:\/\/www.wurth.es\/blog\/wp-json\/wp\/v2\/posts\/6808","targetHints":{"allow":["GET"]}}],"collection":[{"href":"https:\/\/www.wurth.es\/blog\/wp-json\/wp\/v2\/posts"}],"about":[{"href":"https:\/\/www.wurth.es\/blog\/wp-json\/wp\/v2\/types\/post"}],"author":[{"embeddable":true,"href":"https:\/\/www.wurth.es\/blog\/wp-json\/wp\/v2\/users\/3"}],"replies":[{"embeddable":true,"href":"https:\/\/www.wurth.es\/blog\/wp-json\/wp\/v2\/comments?post=6808"}],"version-history":[{"count":12,"href":"https:\/\/www.wurth.es\/blog\/wp-json\/wp\/v2\/posts\/6808\/revisions"}],"predecessor-version":[{"id":6906,"href":"https:\/\/www.wurth.es\/blog\/wp-json\/wp\/v2\/posts\/6808\/revisions\/6906"}],"wp:featuredmedia":[{"embeddable":true,"href":"https:\/\/www.wurth.es\/blog\/wp-json\/wp\/v2\/media\/7218"}],"wp:attachment":[{"href":"https:\/\/www.wurth.es\/blog\/wp-json\/wp\/v2\/media?parent=6808"}],"wp:term":[{"taxonomy":"category","embeddable":true,"href":"https:\/\/www.wurth.es\/blog\/wp-json\/wp\/v2\/categories?post=6808"},{"taxonomy":"post_tag","embeddable":true,"href":"https:\/\/www.wurth.es\/blog\/wp-json\/wp\/v2\/tags?post=6808"}],"curies":[{"name":"wp","href":"https:\/\/api.w.org\/{rel}","templated":true}]}}