{"id":6778,"date":"2025-01-30T07:11:27","date_gmt":"2025-01-30T07:11:27","guid":{"rendered":"https:\/\/www.wurth.es\/blog\/?p=6778"},"modified":"2026-03-06T11:32:24","modified_gmt":"2026-03-06T11:32:24","slug":"elevadores-wurth","status":"publish","type":"post","link":"https:\/\/www.wurth.es\/blog\/elevadores-wurth\/","title":{"rendered":"Descubre nuestros Elevadores"},"content":{"rendered":"<div id=\"ez-toc-container\" class=\"ez-toc-v2_0_79_2 ez-toc-wrap-center counter-hierarchy ez-toc-counter ez-toc-custom ez-toc-container-direction\">\n<div class=\"ez-toc-title-container\">\n<p class=\"ez-toc-title\" style=\"cursor:inherit\">Tabla de contenidos:<\/p>\n<span class=\"ez-toc-title-toggle\"><a href=\"#\" class=\"ez-toc-pull-right ez-toc-btn ez-toc-btn-xs ez-toc-btn-default ez-toc-toggle\" aria-label=\"Alternar tabla de contenidos\"><span class=\"ez-toc-js-icon-con\"><span class=\"\"><span class=\"eztoc-hide\" style=\"display:none;\">Toggle<\/span><span class=\"ez-toc-icon-toggle-span\"><svg style=\"fill: #c00000;color:#c00000\" xmlns=\"http:\/\/www.w3.org\/2000\/svg\" class=\"list-377408\" width=\"20px\" height=\"20px\" viewBox=\"0 0 24 24\" fill=\"none\"><path d=\"M6 6H4v2h2V6zm14 0H8v2h12V6zM4 11h2v2H4v-2zm16 0H8v2h12v-2zM4 16h2v2H4v-2zm16 0H8v2h12v-2z\" fill=\"currentColor\"><\/path><\/svg><svg style=\"fill: #c00000;color:#c00000\" class=\"arrow-unsorted-368013\" xmlns=\"http:\/\/www.w3.org\/2000\/svg\" width=\"10px\" height=\"10px\" viewBox=\"0 0 24 24\" version=\"1.2\" baseProfile=\"tiny\"><path d=\"M18.2 9.3l-6.2-6.3-6.2 6.3c-.2.2-.3.4-.3.7s.1.5.3.7c.2.2.4.3.7.3h11c.3 0 .5-.1.7-.3.2-.2.3-.5.3-.7s-.1-.5-.3-.7zM5.8 14.7l6.2 6.3 6.2-6.3c.2-.2.3-.5.3-.7s-.1-.5-.3-.7c-.2-.2-.4-.3-.7-.3h-11c-.3 0-.5.1-.7.3-.2.2-.3.5-.3.7s.1.5.3.7z\"\/><\/svg><\/span><\/span><\/span><\/a><\/span><\/div>\n<nav><ul class='ez-toc-list ez-toc-list-level-1 ' ><li class='ez-toc-page-1 ez-toc-heading-level-2'><a class=\"ez-toc-link ez-toc-heading-1\" href=\"https:\/\/www.wurth.es\/blog\/elevadores-wurth\/#explora_los_elevadores_wow\" >Explora los Elevadores WOW<\/a><\/li><li class='ez-toc-page-1 ez-toc-heading-level-2'><a class=\"ez-toc-link ez-toc-heading-2\" href=\"https:\/\/www.wurth.es\/blog\/elevadores-wurth\/#%c2%bfque_tipo_de_elevador_escoger\" >\u00bfQu\u00e9 tipo de Elevador Escoger?<\/a><\/li><li class='ez-toc-page-1 ez-toc-heading-level-2'><a class=\"ez-toc-link ez-toc-heading-3\" href=\"https:\/\/www.wurth.es\/blog\/elevadores-wurth\/#%c2%bfcomo_conseguir_mas_informacion\" >\u00bfC\u00f3mo conseguir m\u00e1s informaci\u00f3n?<\/a><\/li><\/ul><\/nav><\/div>\n\n<p>Cuando se trata de elevar veh\u00edculos o maquinaria de diferentes tama\u00f1os y tipos, contar con un <strong>elevador de calidad <\/strong>es fundamental para garantizar un trabajo eficiente y seguro. A continuaci\u00f3n, te presentamos una <strong>variedad de 8 elevadores<\/strong> adaptados a diferentes necesidades, ideales para talleres, concesionarios y otros entornos industriales. El precio de todos los elevadores <strong>incluye tanto los portes como el montaje<\/strong>, garantizando una <strong>instalaci\u00f3n profesional y sin preocupaciones<\/strong>.<\/p>\n\n\n\n<h2 class=\"wp-block-heading\"><span class=\"ez-toc-section\" id=\"explora_los_elevadores_wow\"><\/span>Explora los Elevadores WOW<span class=\"ez-toc-section-end\"><\/span><\/h2>\n\n\n\n<p>Nuestros elevadores est\u00e1n <strong>fabricados \u00edntegramente en Espa\u00f1a<\/strong>, con los m\u00e1s altos est\u00e1ndares de calidad y <strong>certificados de homologaci\u00f3n<\/strong>. Gracias a su dise\u00f1o robusto y a la disponibilidad garantizada de <strong>recambios<\/strong>, ofrecen una <strong>vida \u00fatil excepcionalmente prolongada<\/strong>, brindando una inversi\u00f3n segura y confiable a largo plazo.<\/p>\n\n\n\n<p>Todos los elevadores est\u00e1n homologados conforme a la <strong>Directiva Europea de Maquinaria 2006\/42\/CE y la Norma Armonizada EN 1493:2010,<\/strong> asegurando su fiabilidad y cumplimiento con los est\u00e1ndares internacionales.<\/p>\n\n\n\n<p>Con caracter\u00edsticas que abarcan desde la <strong>seguridad<\/strong> hasta un bajo consumo, estos modelos ofrecen la soluci\u00f3n perfecta para <strong>elevar veh\u00edculos de hasta 6.000 kg<\/strong>.<\/p>\n\n\n\n<h3 class=\"wp-block-heading\"><strong>Elevador 2 Columnas SIN Base 3.000 Kg<\/strong><\/h3>\n\n\n\n<div class=\"wp-block-columns is-layout-flex wp-container-core-columns-is-layout-9d6595d7 wp-block-columns-is-layout-flex\">\n<div class=\"wp-block-column is-layout-flow wp-block-column-is-layout-flow\" style=\"flex-basis:33.33%\">\n<figure class=\"wp-block-image size-full is-resized\"><img fetchpriority=\"high\" decoding=\"async\" width=\"777\" height=\"800\" src=\"https:\/\/www.wurth.es\/blog\/wp-content\/uploads\/2025\/01\/image.png\" alt=\"\" class=\"wp-image-6779\" style=\"width:292px;height:299px\" srcset=\"https:\/\/www.wurth.es\/blog\/wp-content\/uploads\/2025\/01\/image.png 777w, https:\/\/www.wurth.es\/blog\/wp-content\/uploads\/2025\/01\/image-291x300.png 291w, https:\/\/www.wurth.es\/blog\/wp-content\/uploads\/2025\/01\/image-768x791.png 768w\" sizes=\"(max-width: 777px) 100vw, 777px\" \/><\/figure>\n\n\n\n<div class=\"wp-block-buttons is-content-justification-center is-layout-flex wp-container-core-buttons-is-layout-16018d1d wp-block-buttons-is-layout-flex\">\n<div class=\"wp-block-button\"><a class=\"wp-block-button__link has-white-color has-vivid-red-background-color has-text-color has-background wp-element-button\" href=\"https:\/\/www.wurth.es\/elevador-2-columnas-sin-base-3t\" target=\"_blank\" rel=\"noreferrer noopener\">Elevador 2 columnas<\/a><\/div>\n<\/div>\n<\/div>\n\n\n\n<div class=\"wp-block-column is-layout-flow wp-block-column-is-layout-flow\" style=\"flex-basis:66.66%\">\n<p>Este elevador (art. W103100004) es ideal para veh\u00edculos y furgonetas que no superen los 3000 kg de peso. Sus caracter\u00edsticas incluyen:<\/p>\n\n\n\n<ul class=\"wp-block-list\">\n<li><strong>Brazos vers\u00e1tiles<\/strong> que se adaptan a cualquier dimensi\u00f3n del veh\u00edculo.<\/li>\n\n\n\n<li><strong>Husillos de alta resistencia F114<\/strong> que garantizan una mayor durabilidad.<\/li>\n\n\n\n<li><strong>Sistema de auto diagn\u00f3stico SCS<\/strong> para una r\u00e1pida detecci\u00f3n de fallos.<\/li>\n\n\n\n<li>Extra <strong>ancho de 2700 mm<\/strong>, perfecto para veh\u00edculos de mayor tama\u00f1o.<\/li>\n\n\n\n<li><strong>Motores de alta eficiencia<\/strong> de 2,2 KW.<\/li>\n<\/ul>\n\n\n\n<p><\/p>\n<\/div>\n<\/div>\n\n\n\n<h3 class=\"wp-block-heading\"><strong>Elevador 2 Columnas SIN Base 3.500 Kg<\/strong><\/h3>\n\n\n\n<div class=\"wp-block-columns is-layout-flex wp-container-core-columns-is-layout-9d6595d7 wp-block-columns-is-layout-flex\">\n<div class=\"wp-block-column is-layout-flow wp-block-column-is-layout-flow\" style=\"flex-basis:33.33%\">\n<div class=\"wp-block-cover is-light\" style=\"min-height:317px;aspect-ratio:unset;\"><img decoding=\"async\" width=\"575\" height=\"576\" class=\"wp-block-cover__image-background wp-image-6780\" alt=\"\" src=\"https:\/\/www.wurth.es\/blog\/wp-content\/uploads\/2025\/01\/image-1.png\" data-object-fit=\"cover\" srcset=\"https:\/\/www.wurth.es\/blog\/wp-content\/uploads\/2025\/01\/image-1.png 575w, https:\/\/www.wurth.es\/blog\/wp-content\/uploads\/2025\/01\/image-1-300x300.png 300w, https:\/\/www.wurth.es\/blog\/wp-content\/uploads\/2025\/01\/image-1-150x150.png 150w\" sizes=\"(max-width: 575px) 100vw, 575px\" \/><span aria-hidden=\"true\" class=\"wp-block-cover__background has-background-dim-0 has-background-dim\"><\/span><div class=\"wp-block-cover__inner-container is-layout-flow wp-block-cover-is-layout-flow\">\n<p class=\"has-text-align-center has-large-font-size\"><\/p>\n<\/div><\/div>\n\n\n\n<div class=\"wp-block-buttons is-content-justification-center is-layout-flex wp-container-core-buttons-is-layout-16018d1d wp-block-buttons-is-layout-flex\">\n<div class=\"wp-block-button\"><a class=\"wp-block-button__link has-white-color has-vivid-red-background-color has-text-color has-background wp-element-button\" href=\"https:\/\/www.wurth.es\/elevador-2-columnas-sin-base-3-5t\" target=\"_blank\" rel=\"noreferrer noopener\"><strong><strong>Elevador 2 Columnas SIN Base 3.500 Kg<\/strong><\/strong><\/a><\/div>\n<\/div>\n<\/div>\n\n\n\n<div class=\"wp-block-column is-layout-flow wp-block-column-is-layout-flow\" style=\"flex-basis:66.66%\">\n<p>Este modelo (art. W103100035) ofrece una capacidad de hasta 3.500 kg y se destaca por su dise\u00f1o avanzado:<\/p>\n\n\n\n<ul class=\"wp-block-list\">\n<li><strong>Brazos asim\u00e9tricos<\/strong> que facilitan la apertura de las puertas del veh\u00edculo.<\/li>\n\n\n\n<li><strong>Sistema de auto diagn\u00f3stico SCS<\/strong> integrado para mantener el elevador en perfecto estado.<\/li>\n\n\n\n<li><strong>Sincronizaci\u00f3n de columnas mediante detectores inductivos<\/strong>, asegurando un movimiento suave y preciso.<\/li>\n\n\n\n<li><strong>Motores de 2,4 KW<\/strong>, garantizando alta eficiencia energ\u00e9tica.<\/li>\n<\/ul>\n\n\n\n<p><\/p>\n<\/div>\n<\/div>\n\n\n\n<h3 class=\"wp-block-heading\"><strong>Elevador 2 Columnas SIN Base 4.000 Kg<\/strong><\/h3>\n\n\n\n<div class=\"wp-block-columns is-layout-flex wp-container-core-columns-is-layout-9d6595d7 wp-block-columns-is-layout-flex\">\n<div class=\"wp-block-column is-layout-flow wp-block-column-is-layout-flow\" style=\"flex-basis:33.33%\">\n<figure class=\"wp-block-image size-full is-resized\"><img decoding=\"async\" width=\"777\" height=\"800\" src=\"https:\/\/www.wurth.es\/blog\/wp-content\/uploads\/2025\/01\/image-2.png\" alt=\"\" class=\"wp-image-6781\" style=\"width:288px;height:296px\" srcset=\"https:\/\/www.wurth.es\/blog\/wp-content\/uploads\/2025\/01\/image-2.png 777w, https:\/\/www.wurth.es\/blog\/wp-content\/uploads\/2025\/01\/image-2-291x300.png 291w, https:\/\/www.wurth.es\/blog\/wp-content\/uploads\/2025\/01\/image-2-768x791.png 768w\" sizes=\"(max-width: 777px) 100vw, 777px\" \/><\/figure>\n\n\n\n<div class=\"wp-block-buttons is-content-justification-center is-layout-flex wp-container-core-buttons-is-layout-16018d1d wp-block-buttons-is-layout-flex\">\n<div class=\"wp-block-button\"><a class=\"wp-block-button__link has-white-color has-vivid-red-background-color has-text-color has-background wp-element-button\" href=\"https:\/\/www.wurth.es\/elevador-2-columnas-sin-base-4t\" target=\"_blank\" rel=\"noreferrer noopener\"><strong>Elevador 2 Columnas SIN Base 4.000 Kg<\/strong><\/a><\/div>\n<\/div>\n<\/div>\n\n\n\n<div class=\"wp-block-column is-layout-flow wp-block-column-is-layout-flow\" style=\"flex-basis:66.66%\">\n<p>Con capacidad para hasta 4.000 kg, este elevador (art. W103100005) destaca por su gran resistencia y versatilidad:<\/p>\n\n\n\n<ul class=\"wp-block-list\">\n<li>Extra <strong>ancho de 3300 mm<\/strong> para veh\u00edculos m\u00e1s grandes.<\/li>\n\n\n\n<li><strong>Motor de 3 KW<\/strong> que proporciona una potencia adicional para un funcionamiento m\u00e1s r\u00e1pido y eficiente.<\/li>\n\n\n\n<li><strong>Almohadilla de levantamiento de alta calidad<\/strong>, reduciendo el desgaste y aumentando la precisi\u00f3n.<\/li>\n<\/ul>\n\n\n\n<p><\/p>\n<\/div>\n<\/div>\n\n\n\n<h3 class=\"wp-block-heading\"><strong>Elevador Hidr\u00e1ulico 2 Columnas SIN Base 6.000 Kg<\/strong><\/h3>\n\n\n\n<div class=\"wp-block-columns is-layout-flex wp-container-core-columns-is-layout-9d6595d7 wp-block-columns-is-layout-flex\">\n<div class=\"wp-block-column is-layout-flow wp-block-column-is-layout-flow\" style=\"flex-basis:33.33%\">\n<figure class=\"wp-block-image size-full\"><img loading=\"lazy\" decoding=\"async\" width=\"777\" height=\"800\" src=\"https:\/\/www.wurth.es\/blog\/wp-content\/uploads\/2025\/01\/image-3.png\" alt=\"\" class=\"wp-image-6782\" srcset=\"https:\/\/www.wurth.es\/blog\/wp-content\/uploads\/2025\/01\/image-3.png 777w, https:\/\/www.wurth.es\/blog\/wp-content\/uploads\/2025\/01\/image-3-291x300.png 291w, https:\/\/www.wurth.es\/blog\/wp-content\/uploads\/2025\/01\/image-3-768x791.png 768w\" sizes=\"(max-width: 777px) 100vw, 777px\" \/><\/figure>\n\n\n\n<div class=\"wp-block-buttons is-content-justification-center is-layout-flex wp-container-core-buttons-is-layout-16018d1d wp-block-buttons-is-layout-flex\">\n<div class=\"wp-block-button\"><a class=\"wp-block-button__link has-white-color has-vivid-red-background-color has-text-color has-background wp-element-button\" href=\"https:\/\/www.wurth.es\/elevador-2-columnas-sin-base-5-5t\" target=\"_blank\" rel=\"noreferrer noopener\"><strong>Elevador Hidr\u00e1ulico 2 Columnas SIN Base<\/strong><\/a><\/div>\n<\/div>\n<\/div>\n\n\n\n<div class=\"wp-block-column is-layout-flow wp-block-column-is-layout-flow\" style=\"flex-basis:66.66%\">\n<p>Este modelo (Art. W103100055) es ideal para veh\u00edculos y maquinaria de hasta 6.000 kg. Algunas de sus caracter\u00edsticas m\u00e1s destacadas son:<\/p>\n\n\n\n<ul class=\"wp-block-list\">\n<li><strong>Sistema de seguridad contra aplastamiento de pies<\/strong> en los brazos.<\/li>\n\n\n\n<li><strong>Brazos de 3 tramos<\/strong> con altura m\u00ednima de solo 110 mm, adapt\u00e1ndose a todo tipo de veh\u00edculos.<\/li>\n\n\n\n<li><strong>Parada autom\u00e1tica de seguridad<\/strong> en caso de rotura de cables o cadenas.<\/li>\n<\/ul>\n\n\n\n<p><\/p>\n<\/div>\n<\/div>\n\n\n\n<h3 class=\"wp-block-heading\"><strong>Elevador Doble Tijera 3.500 Kg (Perfil Bajo)<\/strong><\/h3>\n\n\n\n<div class=\"wp-block-columns is-layout-flex wp-container-core-columns-is-layout-9d6595d7 wp-block-columns-is-layout-flex\">\n<div class=\"wp-block-column is-layout-flow wp-block-column-is-layout-flow\" style=\"flex-basis:33.33%\">\n<figure class=\"wp-block-image size-full\"><img loading=\"lazy\" decoding=\"async\" width=\"576\" height=\"576\" src=\"https:\/\/www.wurth.es\/blog\/wp-content\/uploads\/2025\/01\/image-4.png\" alt=\"\" class=\"wp-image-6783\" srcset=\"https:\/\/www.wurth.es\/blog\/wp-content\/uploads\/2025\/01\/image-4.png 576w, https:\/\/www.wurth.es\/blog\/wp-content\/uploads\/2025\/01\/image-4-300x300.png 300w, https:\/\/www.wurth.es\/blog\/wp-content\/uploads\/2025\/01\/image-4-150x150.png 150w\" sizes=\"(max-width: 576px) 100vw, 576px\" \/><\/figure>\n\n\n\n<div class=\"wp-block-buttons is-content-justification-center is-layout-flex wp-container-core-buttons-is-layout-16018d1d wp-block-buttons-is-layout-flex\">\n<div class=\"wp-block-button\"><a class=\"wp-block-button__link has-white-color has-vivid-red-background-color has-text-color has-background wp-element-button\" href=\"https:\/\/www.wurth.es\/elev-doble-tijera-3t-per-bajo-sobresue\" target=\"_blank\" rel=\"noreferrer noopener\"><strong>Elevador Doble Tijera<\/strong><\/a><\/div>\n<\/div>\n<\/div>\n\n\n\n<div class=\"wp-block-column is-layout-flow wp-block-column-is-layout-flow\" style=\"flex-basis:66.66%\">\n<p>Este elevador de perfil bajo (art. W109100000) est\u00e1 dise\u00f1ado para veh\u00edculos especiales o coches de perfil bajo que requieren plataformas m\u00e1s bajas para su elevaci\u00f3n:<\/p>\n\n\n\n<ul class=\"wp-block-list\">\n<li><strong>Plataformas de perfil bajo<\/strong>, perfectas para veh\u00edculos modificados o especiales.<\/li>\n\n\n\n<li><strong>Instalaci\u00f3n flexible<\/strong>, que permite su instalaci\u00f3n tanto en superficie como empotrada en el suelo.<\/li>\n\n\n\n<li><strong>Sistema de seguridad de sobrepresi\u00f3n<\/strong> y <strong>seguridad contra obst\u00e1culos en el descenso<\/strong>, garantizando un trabajo seguro en todo momento.<\/li>\n<\/ul>\n\n\n\n<p><\/p>\n<\/div>\n<\/div>\n\n\n\n<h3 class=\"wp-block-heading\"><strong>Elevador de Motos M\u00f3vil<\/strong><\/h3>\n\n\n\n<div class=\"wp-block-columns is-layout-flex wp-container-core-columns-is-layout-9d6595d7 wp-block-columns-is-layout-flex\">\n<div class=\"wp-block-column is-layout-flow wp-block-column-is-layout-flow\" style=\"flex-basis:33.33%\">\n<figure class=\"wp-block-image size-full\"><img loading=\"lazy\" decoding=\"async\" width=\"800\" height=\"799\" src=\"https:\/\/www.wurth.es\/blog\/wp-content\/uploads\/2025\/01\/image-5.png\" alt=\"\" class=\"wp-image-6784\" srcset=\"https:\/\/www.wurth.es\/blog\/wp-content\/uploads\/2025\/01\/image-5.png 800w, https:\/\/www.wurth.es\/blog\/wp-content\/uploads\/2025\/01\/image-5-300x300.png 300w, https:\/\/www.wurth.es\/blog\/wp-content\/uploads\/2025\/01\/image-5-150x150.png 150w, https:\/\/www.wurth.es\/blog\/wp-content\/uploads\/2025\/01\/image-5-768x767.png 768w\" sizes=\"(max-width: 800px) 100vw, 800px\" \/><\/figure>\n\n\n\n<div class=\"wp-block-buttons is-content-justification-center is-layout-flex wp-container-core-buttons-is-layout-16018d1d wp-block-buttons-is-layout-flex\">\n<div class=\"wp-block-button\"><a class=\"wp-block-button__link has-white-color has-vivid-red-background-color has-text-color has-background wp-element-button\" href=\"https:\/\/www.wurth.es\/elevador-de-motos-500-kg\" target=\"_blank\" rel=\"noreferrer noopener\"><strong>Elevador de Motos M\u00f3vil<\/strong><\/a><\/div>\n<\/div>\n<\/div>\n\n\n\n<div class=\"wp-block-column is-layout-flow wp-block-column-is-layout-flow\" style=\"flex-basis:66.66%\">\n<p>Dise\u00f1ado espec\u00edficamente para el levantamiento de motos de hasta 500 kg, este elevador (art. W140100500) es altamente port\u00e1til:<\/p>\n\n\n\n<ul class=\"wp-block-list\">\n<li><strong>Equipo m\u00f3vil<\/strong>, f\u00e1cil de desplazar gracias a sus ruedas de apoyo.<\/li>\n\n\n\n<li><strong>Tiempo de elevaci\u00f3n r\u00e1pido<\/strong> (solo 20 segundos).<\/li>\n\n\n\n<li><strong>Sistema de seguridad<\/strong> que evita una bajada repentina.<\/li>\n<\/ul>\n\n\n\n<p>Este elevador es perfecto para talleres de motos, ya que, al ser m\u00f3vil, es ideal para aquellos con espacio limitado o que requieren flexibilidad para mover el elevador y utilizarlo en diferentes \u00e1reas de trabajo seg\u00fan las necesidades.<\/p>\n<\/div>\n<\/div>\n\n\n\n<h3 class=\"wp-block-heading\"><strong>Elevador Especial para el Sector Agr\u00edcola<\/strong><\/h3>\n\n\n\n<div class=\"wp-block-columns is-layout-flex wp-container-core-columns-is-layout-9d6595d7 wp-block-columns-is-layout-flex\">\n<div class=\"wp-block-column is-layout-flow wp-block-column-is-layout-flow\" style=\"flex-basis:33.33%\"><div class=\"wp-block-image\">\n<figure class=\"aligncenter size-full is-resized\"><img loading=\"lazy\" decoding=\"async\" width=\"567\" height=\"800\" src=\"https:\/\/www.wurth.es\/blog\/wp-content\/uploads\/2025\/01\/image-6.png\" alt=\"\" class=\"wp-image-6785\" style=\"width:191px;height:270px\" srcset=\"https:\/\/www.wurth.es\/blog\/wp-content\/uploads\/2025\/01\/image-6.png 567w, https:\/\/www.wurth.es\/blog\/wp-content\/uploads\/2025\/01\/image-6-213x300.png 213w\" sizes=\"(max-width: 567px) 100vw, 567px\" \/><\/figure>\n<\/div>\n\n\n<div class=\"wp-block-buttons is-content-justification-center is-layout-flex wp-container-core-buttons-is-layout-16018d1d wp-block-buttons-is-layout-flex\">\n<div class=\"wp-block-button\"><a class=\"wp-block-button__link has-white-color has-vivid-red-background-color has-text-color has-background wp-element-button\" href=\"https:\/\/www.wurth.es\/elev-esp-agricola-campos-golf-2-3-t\" target=\"_blank\" rel=\"noreferrer noopener\">Elevador maquinaria agr\u00edcola<\/a><\/div>\n<\/div>\n<\/div>\n\n\n\n<div class=\"wp-block-column is-layout-flow wp-block-column-is-layout-flow\" style=\"flex-basis:66.66%\">\n<p>Este elevador (art. W103100003) es ideal para maquinaria agr\u00edcola, carros de golf y veh\u00edculos ligeros que no superen los 2.300 kg:<\/p>\n\n\n\n<ul class=\"wp-block-list\">\n<li><strong>Elevaci\u00f3n de veh\u00edculos con 3 o 4 ruedas<\/strong>.<\/li>\n\n\n\n<li><strong>F\u00e1cil de usar y mover<\/strong>, ideal para ambientes de trabajo con diferentes tipos de veh\u00edculos.<\/li>\n<\/ul>\n<\/div>\n<\/div>\n\n\n\n<h3 class=\"wp-block-heading\"><strong>Elevador Hidr\u00e1ulico 4 Columnas<\/strong><\/h3>\n\n\n\n<div class=\"wp-block-columns is-layout-flex wp-container-core-columns-is-layout-9d6595d7 wp-block-columns-is-layout-flex\">\n<div class=\"wp-block-column is-layout-flow wp-block-column-is-layout-flow\" style=\"flex-basis:33.33%\">\n<figure class=\"wp-block-image size-full\"><img loading=\"lazy\" decoding=\"async\" width=\"800\" height=\"710\" src=\"https:\/\/www.wurth.es\/blog\/wp-content\/uploads\/2025\/01\/image-7.png\" alt=\"\" class=\"wp-image-6786\" srcset=\"https:\/\/www.wurth.es\/blog\/wp-content\/uploads\/2025\/01\/image-7.png 800w, https:\/\/www.wurth.es\/blog\/wp-content\/uploads\/2025\/01\/image-7-300x266.png 300w, https:\/\/www.wurth.es\/blog\/wp-content\/uploads\/2025\/01\/image-7-768x682.png 768w\" sizes=\"(max-width: 800px) 100vw, 800px\" \/><\/figure>\n\n\n\n<div class=\"wp-block-buttons is-content-justification-center is-layout-flex wp-container-core-buttons-is-layout-16018d1d wp-block-buttons-is-layout-flex\">\n<div class=\"wp-block-button\"><a class=\"wp-block-button__link has-white-color has-vivid-red-background-color has-text-color has-background wp-element-button\" href=\"https:\/\/www.wurth.es\/elevador-hidraulico-4-columnas-5-t\" target=\"_blank\" rel=\"noreferrer noopener\"><strong>Elevador Hidr\u00e1ulico 4 Columnas<\/strong><\/a><\/div>\n<\/div>\n<\/div>\n\n\n\n<div class=\"wp-block-column is-layout-flow wp-block-column-is-layout-flow\" style=\"flex-basis:66.66%\">\n<p>Este robusto elevador (art. W106104005) es perfecto para veh\u00edculos, furgonetas y camiones de hasta 5.000 kg, con las siguientes caracter\u00edsticas:<\/p>\n\n\n\n<ul class=\"wp-block-list\">\n<li><strong>Sistema electro-hidr\u00e1ulico de elevaci\u00f3n<\/strong> que proporciona un rendimiento eficiente y duradero.<\/li>\n\n\n\n<li><strong>Dispositivos de seguridad contra el descenso<\/strong> y <strong>rotura de cables<\/strong>, garantizando un funcionamiento seguro.<\/li>\n\n\n\n<li><strong>Motor de 2,2 KW<\/strong> de alta eficiencia.<\/li>\n<\/ul>\n\n\n\n<p><\/p>\n<\/div>\n<\/div>\n\n\n\n<h2 class=\"wp-block-heading\"><span class=\"ez-toc-section\" id=\"%c2%bfque_tipo_de_elevador_escoger\"><\/span>\u00bfQu\u00e9 tipo de Elevador Escoger?<span class=\"ez-toc-section-end\"><\/span><\/h2>\n\n\n\n<p>Cada uno de estos elevadores ofrece caracter\u00edsticas y ventajas espec\u00edficas, lo que los hace ideales para una amplia gama de aplicaciones, desde el levantamiento de veh\u00edculos ligeros hasta maquinaria pesada. A continuaci\u00f3n, te mostramos una tabla con todos los <strong>servicios espec\u00edficos de cada elevador<\/strong> para que puedas elegir el que m\u00e1s te convenga.<\/p>\n\n\n\n<p><strong>\u2713<\/strong> = Id\u00f3neo &nbsp;&nbsp;&nbsp; <strong>\u2717<\/strong> = No Apto &nbsp;&nbsp;&nbsp; <strong>\u25a0<\/strong> = Compatible<\/p>\n<table border=\"1\" cellpadding=\"4\" cellspacing=\"0\" style=\"border-collapse: collapse; width: 100%; font-family: Arial, sans-serif;\">\n  <thead>\n    <tr>\n      <th colspan=\"2\" style=\"text-align: center;\">Modelos<\/th>\n      <th colspan=\"2\" style=\"background-color: #ccc; text-align: center;\">2 Columnas<\/th>\n      <th style=\"background-color: #ccc; text-align: center;\">4 Columnas<\/th>\n      <th colspan=\"2\" style=\"text-align: center;\">Tijera<\/th>\n      <th style=\"text-align: center;\">Doble Tijera<\/th>\n    <\/tr>\n    <tr>\n      <th>Servicios<\/th>\n      <th><\/th>\n      <th style=\"background-color: #ccc; text-align: center;\">Con Base<\/th>\n      <th style=\"background-color: #ccc; text-align: center;\">Sin Base<\/th>\n      <th style=\"background-color: #ccc; text-align: center;\"><\/th>\n      <th style=\"text-align: center;\">Alineaci\u00f3n<\/th>\n      <th><\/th>\n      <th><\/th>\n    <\/tr>\n  <\/thead>\n  <tbody>\n    <tr>\n      <td>Cambio de aceite y filtros<\/td>\n      <td><\/td>\n      <td style=\"background-color: #ccc; text-align: center;\">\u2713<\/td>\n      <td style=\"background-color: #ccc; text-align: center;\">\u2713<\/td>\n      <td style=\"background-color: #ccc; text-align: center;\">\u25a0<\/td>\n      <td style=\"text-align: center;\">\u25a0<\/td>\n      <td><\/td>\n      <td style=\"text-align: center;\">\u25a0<\/td>\n    <\/tr>\n    <tr>\n      <td>Cambio de motor \/ Correas \/ Dir. <u>Asist<\/u><\/td>\n      <td><\/td>\n      <td style=\"text-align: center;\">\u25a0<\/td>\n      <td style=\"background-color: #ccc; text-align: center;\">\u2713<\/td>\n      <td style=\"background-color: #ccc; text-align: center;\">\u25a0<\/td>\n      <td style=\"text-align: center;\">\u25a0<\/td>\n      <td><\/td>\n      <td style=\"text-align: center;\">\u25a0<\/td>\n    <\/tr>\n    <tr>\n      <td>Cambio de frenos<\/td>\n      <td><\/td>\n      <td style=\"background-color: #ccc; text-align: center;\">\u2713<\/td>\n      <td style=\"background-color: #ccc; text-align: center;\">\u2713<\/td>\n      <td style=\"background-color: #ccc; text-align: center;\">\u25a0<\/td>\n      <td style=\"text-align: center;\">\u25a0<\/td>\n      <td><\/td>\n      <td style=\"text-align: center;\">\u25a0<\/td>\n    <\/tr>\n    <tr>\n      <td> Cambios de tubos de escape<\/td>\n      <td><\/td>\n      <td style=\"background-color: #ccc; text-align: center;\">\u2713<\/td>\n      <td style=\"background-color: #ccc; text-align: center;\">\u2713<\/td>\n      <td style=\"background-color: #ccc; text-align: center;\">\u2717<\/td>\n      <td style=\"text-align: center;\">\u2717<\/td>\n      <td><\/td>\n      <td style=\"text-align: center;\">\u2717<\/td>\n    <\/tr>\n    <tr>\n      <td>Cambio de amortiguadores, transmisi\u00f3n y diferenciales<\/td>\n      <td><\/td>\n      <td style=\"background-color: #ccc; text-align: center;\">\u2713<\/td>\n      <td style=\"background-color: #ccc; text-align: center;\">\u2713<\/td>\n      <td style=\"background-color: #ccc; text-align: center;\">\u2717<\/td>\n      <td style=\"text-align: center;\">\u2717<\/td>\n      <td><\/td>\n      <td style=\"text-align: center;\">\u25a0<\/td>\n    <\/tr>\n    <tr>\n      <td>Alineaci\u00f3n de Ruedas<\/td>\n      <td><\/td>\n      <td style=\"text-align: center;\">\u25a0<\/td>\n      <td style=\"text-align: center;\">\u25a0<\/td>\n      <td style=\"background-color: #ccc; text-align: center;\">\u2713<\/td>\n      <td style=\"text-align: center;\">\u2713<\/td>\n      <td><\/td>\n      <td style=\"text-align: center;\">\u2717<\/td>\n    <\/tr>\n    <tr>\n      <td>Cambio de neum\u00e1ticos<\/td>\n      <td><\/td>\n      <td style=\"text-align: center;\">\u25a0<\/td>\n      <td style=\"text-align: center;\">\u25a0<\/td>\n      <td style=\"background-color: #ccc; text-align: center;\">\u25a0<\/td>\n      <td style=\"text-align: center;\">\u25a0<\/td>\n      <td><\/td>\n      <td style=\"text-align: center;\">\u2713<\/td>\n    <\/tr>\n    <tr>\n      <td>Reparaciones con equipos auxiliares<\/td>\n      <td><\/td>\n      <td style=\"text-align: center;\">\u25a0<\/td>\n      <td style=\"background-color: #ccc; text-align: center;\">\u2713<\/td>\n      <td style=\"background-color: #ccc; text-align: center;\">\u25a0<\/td>\n      <td style=\"text-align: center;\">\u25a0<\/td>\n      <td><\/td>\n      <td style=\"text-align: center;\">\u25a0<\/td>\n    <\/tr>\n    <tr>\n      <td>Recepci\u00f3n de talleres<\/td>\n      <td><\/td>\n      <td style=\"text-align: center;\">\u2717<\/td>\n      <td style=\"text-align: center;\">\u2717<\/td>\n      <td style=\"text-align: #ccc; text-align: center;\">\u2717<\/td>\n      <td style=\"text-align: center;\">\u2713<\/td>\n      <td><\/td>\n      <td style=\"text-align: center;\">\u25a0<\/td>\n    <\/tr>\n    <tr>\n      <td>Reparaciones de Chapa<\/td>\n      <td><\/td>\n      <td style=\"text-align: center;\">\u2717<\/td>\n      <td style=\"background-color: #ccc; text-align: center;\">\u2713<\/td>\n      <td style=\"text-align: center;\">\u2717<\/td>\n      <td style=\"text-align: center;\">\u2717<\/td>\n      <td><\/td>\n      <td style=\"text-align: center;\">\u2713<\/td>\n    <\/tr>\n  <\/tbody>\n<\/table>\n\n\n\n<p>Todos est\u00e1n <strong>homologados y certificados seg\u00fan las normativas europeas<\/strong>, lo que asegura su calidad y seguridad. Si buscas un elevador eficiente y seguro para tu taller, cualquiera de estos modelos te proporcionar\u00e1 la fiabilidad que necesitas.<\/p>\n\n\n\n<div class=\"wp-block-cover is-light\" style=\"min-height:178px;aspect-ratio:unset;\"><img loading=\"lazy\" decoding=\"async\" width=\"800\" height=\"534\" class=\"wp-block-cover__image-background wp-image-6800\" alt=\"\" src=\"https:\/\/www.wurth.es\/blog\/wp-content\/uploads\/2025\/01\/580164940_PREVIEW.jpg\" data-object-fit=\"cover\" srcset=\"https:\/\/www.wurth.es\/blog\/wp-content\/uploads\/2025\/01\/580164940_PREVIEW.jpg 800w, https:\/\/www.wurth.es\/blog\/wp-content\/uploads\/2025\/01\/580164940_PREVIEW-300x200.jpg 300w, https:\/\/www.wurth.es\/blog\/wp-content\/uploads\/2025\/01\/580164940_PREVIEW-768x513.jpg 768w\" sizes=\"(max-width: 800px) 100vw, 800px\" \/><span aria-hidden=\"true\" class=\"wp-block-cover__background has-background-dim-10 has-background-dim\"><\/span><div class=\"wp-block-cover__inner-container is-layout-flow wp-block-cover-is-layout-flow\">\n<p class=\"has-text-align-center has-large-font-size\"><\/p>\n<\/div><\/div>\n\n\n\n<h2 class=\"wp-block-heading\"><span class=\"ez-toc-section\" id=\"%c2%bfcomo_conseguir_mas_informacion\"><\/span>\u00bfC\u00f3mo conseguir m\u00e1s informaci\u00f3n?<span class=\"ez-toc-section-end\"><\/span><\/h2>\n\n\n\n<p>Si est\u00e1s interesado en obtener m\u00e1s informaci\u00f3n o necesitas <strong>asesoramiento personalizado<\/strong>, no dudes en ponerte en contacto con nuestros <strong>especialistas de WOW<\/strong>, disponibles en toda Espa\u00f1a. En la imagen encontrar\u00e1s los <strong>responsables de cada comunidad aut\u00f3noma<\/strong> junto con sus correos electr\u00f3nicos para que puedas comunicarte directamente con ellos y resolver cualquier duda o consulta. \u00a1Estamos aqu\u00ed para ayudarte!<\/p>\n\n\n\n<figure class=\"wp-block-image size-large\"><img loading=\"lazy\" decoding=\"async\" width=\"1024\" height=\"369\" src=\"https:\/\/www.wurth.es\/blog\/wp-content\/uploads\/2025\/01\/MAPA-DRV-WOW-1024x369.png\" alt=\"\" class=\"wp-image-6870\" srcset=\"https:\/\/www.wurth.es\/blog\/wp-content\/uploads\/2025\/01\/MAPA-DRV-WOW-1024x369.png 1024w, https:\/\/www.wurth.es\/blog\/wp-content\/uploads\/2025\/01\/MAPA-DRV-WOW-300x108.png 300w, https:\/\/www.wurth.es\/blog\/wp-content\/uploads\/2025\/01\/MAPA-DRV-WOW-768x276.png 768w, https:\/\/www.wurth.es\/blog\/wp-content\/uploads\/2025\/01\/MAPA-DRV-WOW-1536x553.png 1536w, https:\/\/www.wurth.es\/blog\/wp-content\/uploads\/2025\/01\/MAPA-DRV-WOW-2048x737.png 2048w\" sizes=\"(max-width: 1024px) 100vw, 1024px\" \/><\/figure>\n\n\n<div style=\"background-color:#c00000;\" class=\"wp-block-post-author has-text-color has-white-color has-background has-medium-font-size\"><div class=\"wp-block-post-author__avatar\"><img alt='' src='https:\/\/secure.gravatar.com\/avatar\/c26fc8bce3d292bd93b94d000c4f49936f4a5eb8434f2a101cfe496fa7ebc494?s=96&#038;d=mm&#038;r=g' srcset='https:\/\/secure.gravatar.com\/avatar\/c26fc8bce3d292bd93b94d000c4f49936f4a5eb8434f2a101cfe496fa7ebc494?s=192&#038;d=mm&#038;r=g 2x' class='avatar avatar-96 photo' height='96' width='96' \/><\/div><div class=\"wp-block-post-author__content\"><p class=\"wp-block-post-author__byline\">Sobre el autor<\/p><p class=\"wp-block-post-author__name\">Adri\u00e1n M\u00edguez<\/p><p class=\"wp-block-post-author__bio\">Team Leader Search Engine Marketing, Digital Analytics &amp; Social Media<\/p><\/div><\/div>","protected":false},"excerpt":{"rendered":"<p>Cuando se trata de elevar veh\u00edculos o maquinaria de diferentes tama\u00f1os y tipos, contar con&#8230;<\/p>\n","protected":false},"author":3,"featured_media":6866,"comment_status":"closed","ping_status":"open","sticky":false,"template":"","format":"standard","meta":{"footnotes":""},"categories":[1],"tags":[141],"class_list":["post-6778","post","type-post","status-publish","format-standard","has-post-thumbnail","hentry","category-automocion","tag-publicaciones-home"],"_links":{"self":[{"href":"https:\/\/www.wurth.es\/blog\/wp-json\/wp\/v2\/posts\/6778","targetHints":{"allow":["GET"]}}],"collection":[{"href":"https:\/\/www.wurth.es\/blog\/wp-json\/wp\/v2\/posts"}],"about":[{"href":"https:\/\/www.wurth.es\/blog\/wp-json\/wp\/v2\/types\/post"}],"author":[{"embeddable":true,"href":"https:\/\/www.wurth.es\/blog\/wp-json\/wp\/v2\/users\/3"}],"replies":[{"embeddable":true,"href":"https:\/\/www.wurth.es\/blog\/wp-json\/wp\/v2\/comments?post=6778"}],"version-history":[{"count":30,"href":"https:\/\/www.wurth.es\/blog\/wp-json\/wp\/v2\/posts\/6778\/revisions"}],"predecessor-version":[{"id":8737,"href":"https:\/\/www.wurth.es\/blog\/wp-json\/wp\/v2\/posts\/6778\/revisions\/8737"}],"wp:featuredmedia":[{"embeddable":true,"href":"https:\/\/www.wurth.es\/blog\/wp-json\/wp\/v2\/media\/6866"}],"wp:attachment":[{"href":"https:\/\/www.wurth.es\/blog\/wp-json\/wp\/v2\/media?parent=6778"}],"wp:term":[{"taxonomy":"category","embeddable":true,"href":"https:\/\/www.wurth.es\/blog\/wp-json\/wp\/v2\/categories?post=6778"},{"taxonomy":"post_tag","embeddable":true,"href":"https:\/\/www.wurth.es\/blog\/wp-json\/wp\/v2\/tags?post=6778"}],"curies":[{"name":"wp","href":"https:\/\/api.w.org\/{rel}","templated":true}]}}