{"id":5338,"date":"2024-04-11T13:21:07","date_gmt":"2024-04-11T13:21:07","guid":{"rendered":"https:\/\/www.wurth.es\/blog\/?p=5338"},"modified":"2024-04-11T13:21:09","modified_gmt":"2024-04-11T13:21:09","slug":"como-proteger-madera-exterior","status":"publish","type":"post","link":"https:\/\/www.wurth.es\/blog\/como-proteger-madera-exterior\/","title":{"rendered":"C\u00f3mo proteger la madera para exterior"},"content":{"rendered":"<div id=\"ez-toc-container\" class=\"ez-toc-v2_0_79_2 ez-toc-wrap-center counter-hierarchy ez-toc-counter ez-toc-custom ez-toc-container-direction\">\n<div class=\"ez-toc-title-container\">\n<p class=\"ez-toc-title\" style=\"cursor:inherit\">Tabla de contenidos:<\/p>\n<span class=\"ez-toc-title-toggle\"><a href=\"#\" class=\"ez-toc-pull-right ez-toc-btn ez-toc-btn-xs ez-toc-btn-default ez-toc-toggle\" aria-label=\"Alternar tabla de contenidos\"><span class=\"ez-toc-js-icon-con\"><span class=\"\"><span class=\"eztoc-hide\" style=\"display:none;\">Toggle<\/span><span class=\"ez-toc-icon-toggle-span\"><svg style=\"fill: #c00000;color:#c00000\" xmlns=\"http:\/\/www.w3.org\/2000\/svg\" class=\"list-377408\" width=\"20px\" height=\"20px\" viewBox=\"0 0 24 24\" fill=\"none\"><path d=\"M6 6H4v2h2V6zm14 0H8v2h12V6zM4 11h2v2H4v-2zm16 0H8v2h12v-2zM4 16h2v2H4v-2zm16 0H8v2h12v-2z\" fill=\"currentColor\"><\/path><\/svg><svg style=\"fill: #c00000;color:#c00000\" class=\"arrow-unsorted-368013\" xmlns=\"http:\/\/www.w3.org\/2000\/svg\" width=\"10px\" height=\"10px\" viewBox=\"0 0 24 24\" version=\"1.2\" baseProfile=\"tiny\"><path d=\"M18.2 9.3l-6.2-6.3-6.2 6.3c-.2.2-.3.4-.3.7s.1.5.3.7c.2.2.4.3.7.3h11c.3 0 .5-.1.7-.3.2-.2.3-.5.3-.7s-.1-.5-.3-.7zM5.8 14.7l6.2 6.3 6.2-6.3c.2-.2.3-.5.3-.7s-.1-.5-.3-.7c-.2-.2-.4-.3-.7-.3h-11c-.3 0-.5.1-.7.3-.2.2-.3.5-.3.7s.1.5.3.7z\"\/><\/svg><\/span><\/span><\/span><\/a><\/span><\/div>\n<nav><ul class='ez-toc-list ez-toc-list-level-1 ' ><li class='ez-toc-page-1 ez-toc-heading-level-2'><a class=\"ez-toc-link ez-toc-heading-1\" href=\"https:\/\/www.wurth.es\/blog\/como-proteger-madera-exterior\/#como_proteger_la_madera_en_exteriores\" >C\u00f3mo proteger la madera en exteriores<\/a><\/li><li class='ez-toc-page-1 ez-toc-heading-level-2'><a class=\"ez-toc-link ez-toc-heading-2\" href=\"https:\/\/www.wurth.es\/blog\/como-proteger-madera-exterior\/#paso_1_aplicacion_del_protector_protex\" >Paso 1: Aplicaci\u00f3n del protector PROTEX<\/a><\/li><li class='ez-toc-page-1 ez-toc-heading-level-2'><a class=\"ez-toc-link ez-toc-heading-3\" href=\"https:\/\/www.wurth.es\/blog\/como-proteger-madera-exterior\/#paso_2_aplicacion_del_acabado_protex\" >Paso 2: Aplicaci\u00f3n del acabado PROTEX<\/a><\/li><\/ul><\/nav><\/div>\n\n<p><strong>Te puede interesar:<\/strong><\/p>\n\n\n\n<ul class=\"wp-block-list\">\n<li><a href=\"https:\/\/www.wurth.es\/blog\/espuma-poliuretano-usos-aplicaciones\/\" target=\"_blank\" rel=\"noreferrer noopener\">Espuma de poliuretano, usos y aplicaciones<\/a><\/li>\n\n\n\n<li><a href=\"https:\/\/www.wurth.es\/blog\/nueva-espuma-pu-resistente-fuego\/\" target=\"_blank\" rel=\"noreferrer noopener\">Espuma PU resistente al fuego<\/a><\/li>\n\n\n\n<li><a href=\"https:\/\/www.wurth.es\/blog\/sistemas-cajones-evobox\/\" target=\"_blank\" rel=\"noreferrer noopener\">Nuevos sistemas de cajones EVOBOX 2.0<\/a><\/li>\n<\/ul>\n\n\n\n<p>La madera es un material noble y vers\u00e1til, pero al estar expuesta a la intemperie, se enfrenta a diversos enemigos como la humedad, los rayos UV, los insectos y hongos. Sin la protecci\u00f3n adecuada, la madera <strong>se deteriora<\/strong>, pierde su belleza y se vuelve vulnerable a da\u00f1os mayores.<\/p>\n\n\n\n<p>En este post, te mostraremos <strong>c\u00f3mo proteger la madera exterior<\/strong> de forma eficaz, alargando su vida \u00fatil y manteniendo su aspecto natural.<\/p>\n\n\n\n<div class=\"wp-block-columns is-layout-flex wp-container-core-columns-is-layout-9d6595d7 wp-block-columns-is-layout-flex\">\n<div class=\"wp-block-column has-white-color has-text-color has-background is-layout-flow wp-block-column-is-layout-flow\" style=\"background-color:#c00000\">\n&nbsp;\n\n\n\n<p class=\"has-text-align-center\"><strong>\u00a1REG\u00cdSTRATE!<\/strong><\/p>\n\n\n\n<p class=\"has-text-align-center\">Date de alta en nuestra web para&nbsp;<strong>consultar los precios<\/strong>&nbsp;y acceder a&nbsp;<strong>descuentos y promociones exclusivas<\/strong>&nbsp;pensadas especialmente para ti.<\/p>\n\n\n\n<div class=\"wp-block-buttons is-layout-flex wp-block-buttons-is-layout-flex\">\n<div class=\"wp-block-button aligncenter\"><a class=\"wp-block-button__link wp-element-button\" href=\"https:\/\/www.wurth.es\/customer\/account\/create\" target=\"_blank\" rel=\"noreferrer noopener\">Registrarme<\/a><\/div>\n<\/div>\n\n\n\n&nbsp;\n<\/div>\n<\/div>\n\n\n\n<h2 class=\"wp-block-heading\"><span class=\"ez-toc-section\" id=\"como_proteger_la_madera_en_exteriores\"><\/span>C\u00f3mo proteger la madera en exteriores<span class=\"ez-toc-section-end\"><\/span><\/h2>\n\n\n\n<p>Para proteger la madera de exterior usaremos el <strong>tratamiento PROTEX<\/strong> que se compone de dos productos: el <strong>protector<\/strong> y el <strong>acabado<\/strong>.<\/p>\n\n\n\n<p>El primero cuenta con <strong>propiedades fungicidas<\/strong>, bactericidas e insecticidas que permitir\u00e1n proteger la madera ante factores meteorol\u00f3gicos y biol\u00f3gicos, mientras que el segundo aportar\u00e1 una <strong>protecci\u00f3n adicional<\/strong> ante los rayos UV adem\u00e1s de proporcionar un <strong>acabado est\u00e9tico<\/strong> sobresaliente.<\/p>\n\n\n\n<p>El tratamiento est\u00e1 disponible en <strong>distintos colores<\/strong> para poder obtener el acabado visual deseado. Podr\u00e1s elegir, por ejemplo, entre roble franc\u00e9s, teka o casta\u00f1o, entre otras opciones.<\/p>\n\n\n\n<p>A continuaci\u00f3n veremos el <strong>proceso a seguir<\/strong> para lograr la protecci\u00f3n de la madera.<\/p>\n\n\n\n<blockquote class=\"tiktok-embed\" cite=\"https:\/\/www.tiktok.com\/@wurth_es\/video\/7341486879373626656\" data-video-id=\"7341486879373626656\" style=\"max-width: 605px;min-width: 325px;\"> <section> <a target=\"_blank\" title=\"@wurth_es\" href=\"https:\/\/www.tiktok.com\/@wurth_es?refer=embed\" rel=\"noopener nofollow\">@wurth_es<\/a> Preserva la madera con el Protex??\ufe0f <a title=\"madera\" target=\"_blank\" href=\"https:\/\/www.tiktok.com\/tag\/madera?refer=embed\" rel=\"noopener nofollow\">#madera<\/a> <a title=\"carpinteria\" target=\"_blank\" href=\"https:\/\/www.tiktok.com\/tag\/carpinteria?refer=embed\" rel=\"noopener nofollow\">#carpinteria<\/a> <a title=\"ebanisteria\" target=\"_blank\" href=\"https:\/\/www.tiktok.com\/tag\/ebanisteria?refer=embed\" rel=\"noopener nofollow\">#ebanisteria<\/a> <a title=\"protex\" target=\"_blank\" href=\"https:\/\/www.tiktok.com\/tag\/protex?refer=embed\" rel=\"noopener nofollow\">#protex<\/a> <a title=\"nogal\" target=\"_blank\" href=\"https:\/\/www.tiktok.com\/tag\/nogal?refer=embed\" rel=\"noopener nofollow\">#nogal<\/a> <a title=\"taller\" target=\"_blank\" href=\"https:\/\/www.tiktok.com\/tag\/taller?refer=embed\" rel=\"noopener nofollow\">#taller<\/a> <a title=\"herramientas\" target=\"_blank\" href=\"https:\/\/www.tiktok.com\/tag\/herramientas?refer=embed\" rel=\"noopener nofollow\">#herramientas<\/a> <a title=\"fyp\" target=\"_blank\" href=\"https:\/\/www.tiktok.com\/tag\/fyp?refer=embed\" rel=\"noopener nofollow\">#fyp<\/a> <a title=\"viral\" target=\"_blank\" href=\"https:\/\/www.tiktok.com\/tag\/viral?refer=embed\" rel=\"noopener nofollow\">#viral<\/a> <a title=\"wurth\" target=\"_blank\" href=\"https:\/\/www.tiktok.com\/tag\/wurth?refer=embed\" rel=\"noopener nofollow\">#wurth<\/a> <a title=\"wurthespa\u00f1a\" target=\"_blank\" href=\"https:\/\/www.tiktok.com\/tag\/wurthespa%C3%B1a?refer=embed\" rel=\"noopener nofollow\">#wurthespa\u00f1a<\/a> <a target=\"_blank\" title=\"\u266c Epic Orchestra - Red Cat Blue\" href=\"https:\/\/www.tiktok.com\/music\/Epic-Orchestra-6817535497867364354?refer=embed\" rel=\"noopener nofollow\">\u266c Epic Orchestra &#8211; Red Cat Blue<\/a> <\/section> <\/blockquote> <script async=\"\" src=\"https:\/\/www.tiktok.com\/embed.js\"><\/script>\n\n\n\n<h2 class=\"wp-block-heading\"><span class=\"ez-toc-section\" id=\"paso_1_aplicacion_del_protector_protex\"><\/span>Paso 1: Aplicaci\u00f3n del protector PROTEX<span class=\"ez-toc-section-end\"><\/span><\/h2>\n\n\n\n<p>Para aplicar el protector PROTEX, en primer lugar <strong>verteremos el producto en una <\/strong><a href=\"https:\/\/www.wurth.es\/catalogo\/equipamiento-de-taller\/equipos-de-taller\/cajas\/bandeja-de-pintura\" target=\"_blank\" data-type=\"URL\" data-id=\"https:\/\/www.wurth.es\/catalogo\/equipamiento-de-taller\/equipos-de-taller\/cajas\/bandeja-de-pintura\" rel=\"noreferrer noopener\">cubeta<\/a> para poder trabajar de una manera m\u00e1s c\u00f3moda. Despu\u00e9s, mojaremos la brocha y <strong>expandiremos el producto<\/strong> de manera uniforme por toda la pieza hasta que \u00e9sta quede totalmente cubierta.<\/p>\n\n\n\n<p>Es recomendable utilizar una <strong>brocha<\/strong> que sea <strong>apta<\/strong> para la aplicaci\u00f3n de <strong>qu\u00edmicos en base de agua<\/strong>. Por ejemplo, la <a href=\"https:\/\/www.wurth.es\/paletina-plana-estandar-80mm\" target=\"_blank\" rel=\"noreferrer noopener\">paletilla plana est\u00e1ndar<\/a>, la <a href=\"https:\/\/www.wurth.es\/mp-pincel-plano-lm-economy\" target=\"_blank\" rel=\"noreferrer noopener\">paletina plana Economy<\/a> y la <a href=\"https:\/\/www.wurth.es\/mp-paletina-plana-zebra-wb\" target=\"_blank\" rel=\"noreferrer noopener\">paletina plana ZEBRA<\/a> son compatibles con este tipo de bases.<\/p>\n\n\n\n<p>Una vez aplicado el producto, requeriremos un <strong>tiempo de secado de entre 5 \u2013 10 minutos<\/strong> antes de proseguir con el proceso.<\/p>\n\n\n\n<div class=\"wp-block-columns is-layout-flex wp-container-core-columns-is-layout-9d6595d7 wp-block-columns-is-layout-flex\">\n<div class=\"wp-block-column is-layout-flow wp-block-column-is-layout-flow\"><div class=\"wp-block-image\">\n<figure class=\"aligncenter size-full is-resized\"><img fetchpriority=\"high\" decoding=\"async\" src=\"https:\/\/www.wurth.es\/blog\/wp-content\/uploads\/2024\/04\/Protector-madera-protex-1.jpg\" alt=\"c\u00f3mo proteger madera para exterior\" class=\"wp-image-5340\" width=\"261\" height=\"261\" srcset=\"https:\/\/www.wurth.es\/blog\/wp-content\/uploads\/2024\/04\/Protector-madera-protex-1.jpg 348w, https:\/\/www.wurth.es\/blog\/wp-content\/uploads\/2024\/04\/Protector-madera-protex-1-300x300.jpg 300w, https:\/\/www.wurth.es\/blog\/wp-content\/uploads\/2024\/04\/Protector-madera-protex-1-150x150.jpg 150w\" sizes=\"(max-width: 261px) 100vw, 261px\" \/><\/figure>\n<\/div>\n\n\n<div class=\"wp-block-buttons is-layout-flex wp-block-buttons-is-layout-flex\">\n<div class=\"wp-block-button aligncenter\"><a class=\"wp-block-button__link wp-element-button\" href=\"https:\/\/www.wurth.es\/mp-protector-acuoso-madera-exteriores-base-protex\" target=\"_blank\" rel=\"noreferrer noopener\">Ver Protector<\/a><\/div>\n<\/div>\n<\/div>\n<\/div>\n\n\n\n<h2 class=\"wp-block-heading\"><span class=\"ez-toc-section\" id=\"paso_2_aplicacion_del_acabado_protex\"><\/span>Paso 2: Aplicaci\u00f3n del acabado PROTEX<span class=\"ez-toc-section-end\"><\/span><\/h2>\n\n\n\n<p>Una vez aplicado y secado el protector, ser\u00e1 el momento de <strong>aplicar el acabado<\/strong>, el cual aportar\u00e1 una <strong>protecci\u00f3n adicional a los rayos UV<\/strong>.<\/p>\n\n\n\n<p>Para ello, y de la misma manera que hemos hecho con el protector, echaremos el producto en la cubeta. En este caso, observaremos que cuenta con una <strong>mayor viscosidad<\/strong>. Si deseamos <strong>reducirla<\/strong>, podremos a\u00f1adir agua hasta una <strong>diluci\u00f3n m\u00e1xima del 10%<\/strong>.<\/p>\n\n\n\n<p>A continuaci\u00f3n, procederemos a <strong>darle la mano de acabado<\/strong>, extendi\u00e9ndolo de manera uniforme sobre todo el material.<\/p>\n\n\n\n<div class=\"wp-block-columns is-layout-flex wp-container-core-columns-is-layout-9d6595d7 wp-block-columns-is-layout-flex\">\n<div class=\"wp-block-column is-layout-flow wp-block-column-is-layout-flow\"><div class=\"wp-block-image\">\n<figure class=\"aligncenter size-full is-resized\"><img decoding=\"async\" src=\"https:\/\/www.wurth.es\/blog\/wp-content\/uploads\/2024\/04\/prtector-madera-protex-capa.jpg\" alt=\"c\u00f3mo proteger la madera para exteriores\" class=\"wp-image-5341\" width=\"261\" height=\"261\" srcset=\"https:\/\/www.wurth.es\/blog\/wp-content\/uploads\/2024\/04\/prtector-madera-protex-capa.jpg 348w, https:\/\/www.wurth.es\/blog\/wp-content\/uploads\/2024\/04\/prtector-madera-protex-capa-300x300.jpg 300w, https:\/\/www.wurth.es\/blog\/wp-content\/uploads\/2024\/04\/prtector-madera-protex-capa-150x150.jpg 150w\" sizes=\"(max-width: 261px) 100vw, 261px\" \/><\/figure>\n<\/div>\n\n\n<div class=\"wp-block-buttons is-layout-flex wp-block-buttons-is-layout-flex\">\n<div class=\"wp-block-button aligncenter\"><a class=\"wp-block-button__link wp-element-button\" href=\"https:\/\/www.wurth.es\/mp-acabado-acuoso-madera-exteriores-acabado-protex\" target=\"_blank\" rel=\"noreferrer noopener\">Ver acabado<\/a><\/div>\n<\/div>\n<\/div>\n<\/div>\n\n\n\n<p>A modo de <strong>s\u00edntesis<\/strong>, con el tratamiento PROTEX podr\u00e1s <strong>proteger de manera eficaz<\/strong> cualquier tipo de mobiliario o elemento de madera de exterior, aport\u00e1ndole adem\u00e1s un <strong>atractivo acabado est\u00e9tico<\/strong>. Para cualquier consulta no dudes en <a href=\"mailto:productos@wurth.es\">ponerte en contacto con nosotros<\/a>. \u00a1Estaremos encantados de atenderte!<\/p>\n\n\n\n&nbsp;\n\n\n\n<div class=\"wp-block-columns is-layout-flex wp-container-core-columns-is-layout-9d6595d7 wp-block-columns-is-layout-flex\">\n<div class=\"wp-block-column has-background is-layout-flow wp-block-column-is-layout-flow\" style=\"background-color:#c00000\"><div class=\"wp-block-post-author has-text-color has-white-color\"><div class=\"wp-block-post-author__avatar\"><img alt='' src='https:\/\/secure.gravatar.com\/avatar\/c26fc8bce3d292bd93b94d000c4f49936f4a5eb8434f2a101cfe496fa7ebc494?s=96&#038;d=mm&#038;r=g' srcset='https:\/\/secure.gravatar.com\/avatar\/c26fc8bce3d292bd93b94d000c4f49936f4a5eb8434f2a101cfe496fa7ebc494?s=192&#038;d=mm&#038;r=g 2x' class='avatar avatar-96 photo' height='96' width='96' \/><\/div><div class=\"wp-block-post-author__content\"><p class=\"wp-block-post-author__byline\">Sobre el autor<\/p><p class=\"wp-block-post-author__name\">Adri\u00e1n M\u00edguez<\/p><p class=\"wp-block-post-author__bio\">Team Leader Search Engine Marketing, Digital Analytics &amp; Social Media<\/p><\/div><\/div><\/div>\n<\/div>\n","protected":false},"excerpt":{"rendered":"<p>Te puede interesar: La madera es un material noble y vers\u00e1til, pero al estar expuesta&#8230;<\/p>\n","protected":false},"author":3,"featured_media":5359,"comment_status":"closed","ping_status":"open","sticky":false,"template":"","format":"standard","meta":{"footnotes":""},"categories":[5],"tags":[],"class_list":["post-5338","post","type-post","status-publish","format-standard","has-post-thumbnail","hentry","category-madera"],"_links":{"self":[{"href":"https:\/\/www.wurth.es\/blog\/wp-json\/wp\/v2\/posts\/5338","targetHints":{"allow":["GET"]}}],"collection":[{"href":"https:\/\/www.wurth.es\/blog\/wp-json\/wp\/v2\/posts"}],"about":[{"href":"https:\/\/www.wurth.es\/blog\/wp-json\/wp\/v2\/types\/post"}],"author":[{"embeddable":true,"href":"https:\/\/www.wurth.es\/blog\/wp-json\/wp\/v2\/users\/3"}],"replies":[{"embeddable":true,"href":"https:\/\/www.wurth.es\/blog\/wp-json\/wp\/v2\/comments?post=5338"}],"version-history":[{"count":12,"href":"https:\/\/www.wurth.es\/blog\/wp-json\/wp\/v2\/posts\/5338\/revisions"}],"predecessor-version":[{"id":5358,"href":"https:\/\/www.wurth.es\/blog\/wp-json\/wp\/v2\/posts\/5338\/revisions\/5358"}],"wp:featuredmedia":[{"embeddable":true,"href":"https:\/\/www.wurth.es\/blog\/wp-json\/wp\/v2\/media\/5359"}],"wp:attachment":[{"href":"https:\/\/www.wurth.es\/blog\/wp-json\/wp\/v2\/media?parent=5338"}],"wp:term":[{"taxonomy":"category","embeddable":true,"href":"https:\/\/www.wurth.es\/blog\/wp-json\/wp\/v2\/categories?post=5338"},{"taxonomy":"post_tag","embeddable":true,"href":"https:\/\/www.wurth.es\/blog\/wp-json\/wp\/v2\/tags?post=5338"}],"curies":[{"name":"wp","href":"https:\/\/api.w.org\/{rel}","templated":true}]}}