{"id":4934,"date":"2023-12-04T09:55:46","date_gmt":"2023-12-04T09:55:46","guid":{"rendered":"https:\/\/www.wurth.es\/blog\/?p=4934"},"modified":"2024-03-20T11:18:32","modified_gmt":"2024-03-20T11:18:32","slug":"aislamiento-acustico-entre-viviendas-paredes-techos","status":"publish","type":"post","link":"https:\/\/www.wurth.es\/blog\/aislamiento-acustico-entre-viviendas-paredes-techos\/","title":{"rendered":"Aislamiento ac\u00fastico entre viviendas W\u00fcacustic"},"content":{"rendered":"<div id=\"ez-toc-container\" class=\"ez-toc-v2_0_79_2 ez-toc-wrap-center counter-hierarchy ez-toc-counter ez-toc-custom ez-toc-container-direction\">\n<div class=\"ez-toc-title-container\">\n<p class=\"ez-toc-title\" style=\"cursor:inherit\">Tabla de contenidos:<\/p>\n<span class=\"ez-toc-title-toggle\"><a href=\"#\" class=\"ez-toc-pull-right ez-toc-btn ez-toc-btn-xs ez-toc-btn-default ez-toc-toggle\" aria-label=\"Alternar tabla de contenidos\"><span class=\"ez-toc-js-icon-con\"><span class=\"\"><span class=\"eztoc-hide\" style=\"display:none;\">Toggle<\/span><span class=\"ez-toc-icon-toggle-span\"><svg style=\"fill: #c00000;color:#c00000\" xmlns=\"http:\/\/www.w3.org\/2000\/svg\" class=\"list-377408\" width=\"20px\" height=\"20px\" viewBox=\"0 0 24 24\" fill=\"none\"><path d=\"M6 6H4v2h2V6zm14 0H8v2h12V6zM4 11h2v2H4v-2zm16 0H8v2h12v-2zM4 16h2v2H4v-2zm16 0H8v2h12v-2z\" fill=\"currentColor\"><\/path><\/svg><svg style=\"fill: #c00000;color:#c00000\" class=\"arrow-unsorted-368013\" xmlns=\"http:\/\/www.w3.org\/2000\/svg\" width=\"10px\" height=\"10px\" viewBox=\"0 0 24 24\" version=\"1.2\" baseProfile=\"tiny\"><path d=\"M18.2 9.3l-6.2-6.3-6.2 6.3c-.2.2-.3.4-.3.7s.1.5.3.7c.2.2.4.3.7.3h11c.3 0 .5-.1.7-.3.2-.2.3-.5.3-.7s-.1-.5-.3-.7zM5.8 14.7l6.2 6.3 6.2-6.3c.2-.2.3-.5.3-.7s-.1-.5-.3-.7c-.2-.2-.4-.3-.7-.3h-11c-.3 0-.5.1-.7.3-.2.2-.3.5-.3.7s.1.5.3.7z\"\/><\/svg><\/span><\/span><\/span><\/a><\/span><\/div>\n<nav><ul class='ez-toc-list ez-toc-list-level-1 ' ><li class='ez-toc-page-1 ez-toc-heading-level-2'><a class=\"ez-toc-link ez-toc-heading-1\" href=\"https:\/\/www.wurth.es\/blog\/aislamiento-acustico-entre-viviendas-paredes-techos\/#aislamiento_acustico_entre_viviendas\" >Aislamiento ac\u00fastico entre viviendas<\/a><\/li><li class='ez-toc-page-1 ez-toc-heading-level-2'><a class=\"ez-toc-link ez-toc-heading-2\" href=\"https:\/\/www.wurth.es\/blog\/aislamiento-acustico-entre-viviendas-paredes-techos\/#ejemplo_de_aislamiento_acustico_en_paredes\" >Ejemplo de aislamiento ac\u00fastico en paredes<\/a><\/li><li class='ez-toc-page-1 ez-toc-heading-level-2'><a class=\"ez-toc-link ez-toc-heading-3\" href=\"https:\/\/www.wurth.es\/blog\/aislamiento-acustico-entre-viviendas-paredes-techos\/#aislante_acustico_multicapa_%e2%80%93_wuacustic\" >Aislante ac\u00fastico multicapa \u2013 W\u00fcacustic<\/a><\/li><li class='ez-toc-page-1 ez-toc-heading-level-2'><a class=\"ez-toc-link ez-toc-heading-4\" href=\"https:\/\/www.wurth.es\/blog\/aislamiento-acustico-entre-viviendas-paredes-techos\/#te_asesoramos_en_materia_de_aislamientos\" >Te asesoramos en materia de aislamientos<\/a><\/li><\/ul><\/nav><\/div>\n\n<h2 class=\"wp-block-heading\"><span class=\"ez-toc-section\" id=\"aislamiento_acustico_entre_viviendas\"><\/span>Aislamiento ac\u00fastico entre viviendas<span class=\"ez-toc-section-end\"><\/span><\/h2>\n\n\n\n<p>El <strong>aislamiento ac\u00fastico entre viviendas<\/strong> es una medida fundamental para garantizar el confort y la privacidad. Tambi\u00e9n lo es el <strong>aislamiento t\u00e9rmico<\/strong>, sobre el cual puedes leer esta entrada donde <a href=\"https:\/\/www.wurth.es\/blog\/lana-de-roca-o-reflexivo\/\">comparamos lana de roca con el aislamiento reflexivo<\/a>. Y de la misma manera, es muy importante garantizar un buen <strong>aislamiento en cubiertas<\/strong>, para el cual <a href=\"https:\/\/www.wurth.es\/blog\/lamina-impermeable-transpirable\/\">en esta publicaci\u00f3n<\/a> hablamos acerca de la l\u00e1mina impermeable transpirable HPV TR2 DBA.<\/p>\n\n\n\n<p>Volviendo al aislamiento ac\u00fastico, en muros medianeros, es importante asegurar un correcto <strong>aislamiento ac\u00fastico en paredes<\/strong> frente a ruido a\u00e9reo, que es el que se propaga a trav\u00e9s del aire, como el ruido del tr\u00e1fico, la m\u00fasica, las voces o los electrodom\u00e9sticos. Cuando este ruido atraviesa un muro, puede provocar molestias en los vecinos, afectando a su descanso, su tranquilidad y su salud.<\/p>\n\n\n<div class=\"wp-block-image\">\n<figure class=\"aligncenter size-full is-resized\"><img fetchpriority=\"high\" decoding=\"async\" src=\"https:\/\/www.wurth.es\/blog\/wp-content\/uploads\/2023\/12\/Aislamiento-acustico-paredes-edited.webp\" alt=\"Aislamiento acustico paredes\" class=\"wp-image-4940\" width=\"768\" height=\"432\" srcset=\"https:\/\/www.wurth.es\/blog\/wp-content\/uploads\/2023\/12\/Aislamiento-acustico-paredes-edited.webp 1024w, https:\/\/www.wurth.es\/blog\/wp-content\/uploads\/2023\/12\/Aislamiento-acustico-paredes-edited-300x169.webp 300w, https:\/\/www.wurth.es\/blog\/wp-content\/uploads\/2023\/12\/Aislamiento-acustico-paredes-edited-768x432.webp 768w\" sizes=\"(max-width: 768px) 100vw, 768px\" \/><figcaption class=\"wp-element-caption\">Aislamiento ac\u00fastico en paredes<\/figcaption><\/figure>\n<\/div>\n\n\n<p>Un correcto <strong>aislamiento ac\u00fastico entre viviendas<\/strong> puede reducir significativamente el ruido a\u00e9reo, mejorando el confort. De este modo, los vecinos pueden disfrutar de su hogar sin sufrir las molestias del ruido exterior.<\/p>\n\n\n\n<p>Adem\u00e1s, el <strong>aislamiento ac\u00fastico<\/strong> tambi\u00e9n cumple una funci\u00f3n <b>normativa<\/b>. En Espa\u00f1a, la normativa de edificaci\u00f3n establece unos requisitos m\u00ednimos de aislamiento ac\u00fastico para los muros medianeros. Si estos requisitos no se cumplen, la vivienda puede ser sancionada.<\/p>\n\n\n\n<p>Por lo tanto, es importante tener en cuenta la <strong>importancia del aislamiento ac\u00fastico<\/strong> ya que, al hacerlo, estaremos contribuyendo a mejorar el confort y la privacidad de nuestra vivienda, as\u00ed como a cumplir con la normativa exigida.<\/p>\n\n\n\n<div class=\"wp-block-columns is-layout-flex wp-container-core-columns-is-layout-9d6595d7 wp-block-columns-is-layout-flex\">\n<div class=\"wp-block-column has-white-color has-text-color has-background is-layout-flow wp-block-column-is-layout-flow\" style=\"background-color:#c00000\">\n&nbsp;\n\n\n\n<p class=\"has-text-align-center\"><b>\u00a1REG\u00cdSTRATE!<\/b><\/p>\n\n\n\n<p class=\"has-text-align-center\">Date de alta en nuestra web para&nbsp;<b>consultar los precios<\/b>&nbsp;y acceder a&nbsp;<b>descuentos y promociones exclusivas<\/b>&nbsp;pensadas especialmente para ti.<\/p>\n\n\n\n<div class=\"wp-block-buttons is-layout-flex wp-block-buttons-is-layout-flex\">\n<div class=\"wp-block-button aligncenter\"><a class=\"wp-block-button__link wp-element-button\" href=\"https:\/\/www.wurth.es\/customer\/account\/create\" target=\"_blank\" rel=\"noreferrer noopener\">Registrarme<\/a><\/div>\n<\/div>\n\n\n\n&nbsp;\n<\/div>\n<\/div>\n\n\n\n<h2 class=\"wp-block-heading\"><span class=\"ez-toc-section\" id=\"ejemplo_de_aislamiento_acustico_en_paredes\"><\/span>Ejemplo de aislamiento ac\u00fastico en paredes<span class=\"ez-toc-section-end\"><\/span><\/h2>\n\n\n\n<div class=\"wp-block-columns is-layout-flex wp-container-core-columns-is-layout-9d6595d7 wp-block-columns-is-layout-flex\">\n<div class=\"wp-block-column is-layout-flow wp-block-column-is-layout-flow\">\n<p>En este ejemplo de <strong>aislamiento ac\u00fastico en paredes<\/strong> tenemos un paramento vertical compuesto de:<\/p>\n\n\n\n<p>&#8211;&nbsp;&nbsp;&nbsp;&nbsp;&nbsp;&nbsp;&nbsp;&nbsp;Enlucido de yeso (15 mm)<\/p>\n\n\n\n<p>&#8211;&nbsp;&nbsp;&nbsp;&nbsp;&nbsp;&nbsp;&nbsp;&nbsp;Ladrillo perforado (135 mm)<\/p>\n\n\n\n<p>&#8211;&nbsp;&nbsp;&nbsp;&nbsp;&nbsp;&nbsp;&nbsp;&nbsp;<a href=\"https:\/\/www.wurth.es\/wuacustic-aislante-acustico-multicapa\" target=\"_blank\" rel=\"noreferrer noopener\">W\u00fcacustic Multicapa (18 mm)<\/a><\/p>\n\n\n\n<p>&#8211;&nbsp;&nbsp;&nbsp;&nbsp;&nbsp;&nbsp;&nbsp;&nbsp;Ladrillo hueco doble (70 mm)<\/p>\n\n\n\n<p>&#8211;&nbsp;&nbsp;&nbsp;&nbsp;&nbsp;&nbsp;&nbsp;&nbsp;Enlucido de yeso (15 mm)<\/p>\n\n\n\n<p>Y con ello, conseguimos una <strong>reducci\u00f3n ac\u00fastica<\/strong> de nada menos que <strong>60 dB<\/strong>.<\/p>\n<\/div>\n\n\n\n<div class=\"wp-block-column is-vertically-aligned-center is-layout-flow wp-block-column-is-layout-flow\"><div class=\"wp-block-image\">\n<figure class=\"aligncenter size-full is-resized\"><img decoding=\"async\" src=\"https:\/\/www.wurth.es\/blog\/wp-content\/uploads\/2023\/12\/WUACUSTIC-AISLANTE-ACUSTICO-MULTICAPA.webp\" alt=\"W\u00dcACUSTIC aislante ac\u00fastico multicapa\" class=\"wp-image-4936\" width=\"108\" height=\"200\" srcset=\"https:\/\/www.wurth.es\/blog\/wp-content\/uploads\/2023\/12\/WUACUSTIC-AISLANTE-ACUSTICO-MULTICAPA.webp 431w, https:\/\/www.wurth.es\/blog\/wp-content\/uploads\/2023\/12\/WUACUSTIC-AISLANTE-ACUSTICO-MULTICAPA-162x300.webp 162w\" sizes=\"(max-width: 108px) 100vw, 108px\" \/><\/figure>\n<\/div>\n\n\n<div class=\"wp-block-buttons is-layout-flex wp-block-buttons-is-layout-flex\">\n<div class=\"wp-block-button aligncenter\"><a class=\"wp-block-button__link wp-element-button\" href=\"https:\/\/www.wurth.es\/wuacustic-aislante-acustico-multicapa\" target=\"_blank\" rel=\"noreferrer noopener\">Aislante Ac\u00fastico W\u00fcacustic<\/a><\/div>\n<\/div>\n<\/div>\n<\/div>\n\n\n<div class=\"wp-block-image\">\n<figure class=\"aligncenter size-large is-resized\"><img decoding=\"async\" src=\"https:\/\/www.wurth.es\/blog\/wp-content\/uploads\/2023\/12\/Sistema-de-aislamiento-acustico-entre-viviendas-1024x467.webp\" alt=\"Sistema de aislamiento ac\u00fastico multicapa en paredes\" class=\"wp-image-4938\" width=\"668\" height=\"304\" srcset=\"https:\/\/www.wurth.es\/blog\/wp-content\/uploads\/2023\/12\/Sistema-de-aislamiento-acustico-entre-viviendas-1024x467.webp 1024w, https:\/\/www.wurth.es\/blog\/wp-content\/uploads\/2023\/12\/Sistema-de-aislamiento-acustico-entre-viviendas-300x137.webp 300w, https:\/\/www.wurth.es\/blog\/wp-content\/uploads\/2023\/12\/Sistema-de-aislamiento-acustico-entre-viviendas-768x350.webp 768w, https:\/\/www.wurth.es\/blog\/wp-content\/uploads\/2023\/12\/Sistema-de-aislamiento-acustico-entre-viviendas.webp 1180w\" sizes=\"(max-width: 668px) 100vw, 668px\" \/><figcaption class=\"wp-element-caption\">Sistema de aislamiento ac\u00fastico multicapa<\/figcaption><\/figure>\n<\/div>\n\n\n<p>Siempre habr\u00e1 que <b>tener en cuenta los paramentos<\/b> en los que queremos evitar la transmisi\u00f3n ac\u00fastica ya que no todo el trabajo lo har\u00e1 el aislamiento, sino que habr\u00e1 que evitar la instalaci\u00f3n de cajas de mecanismos y\/o rozas, adem\u00e1s de desolidarizar los muros de la estructura y evitar pasos de instalaciones.<\/p>\n\n\n\n<p>Tambi\u00e9n te puede interesar el <strong>aislamiento ecol\u00f3gico<\/strong> t\u00e9rmico y ac\u00fastico Eco-W\u00fctermic, sobre el cual<a href=\"https:\/\/www.wurth.es\/blog\/aislamiento-ecologico-eco-wutermic\/\"> te contamos sus caracter\u00edsticas aqu\u00ed<\/a>.<\/p>\n\n\n\n<h2 class=\"wp-block-heading\"><span class=\"ez-toc-section\" id=\"aislante_acustico_multicapa_%e2%80%93_wuacustic\"><\/span>Aislante ac\u00fastico multicapa \u2013 W\u00fcacustic<span class=\"ez-toc-section-end\"><\/span><\/h2>\n\n\n\n<div class=\"wp-block-columns is-layout-flex wp-container-core-columns-is-layout-9d6595d7 wp-block-columns-is-layout-flex\">\n<div class=\"wp-block-column is-layout-flow wp-block-column-is-layout-flow\" style=\"flex-basis:66.66%\">\n<p>Se trata de un <b>sistema multicapa<\/b> compuesto por un material de alta densidad con <b>fibra de algod\u00f3n y poli\u00e9ster<\/b> ligados t\u00e9rmicamente que absorbe ruido en altas, medias y bajas frecuencias.<\/p>\n\n\n\n<p>Permite <b>disminuir las vibraciones<\/b> en materiales r\u00edgidos y <b>mejora el rendimiento ac\u00fastico<\/b> en paramentos ligeros. Es flexible y adaptable a cualquier tipo de forma y superficie, simplificando la instalaci\u00f3n en encuentros dif\u00edciles.<\/p>\n\n\n\n<p>Uno de los <b>principales beneficios<\/b> de este panel de aislamiento ac\u00fastico es que, con <b>poco espesor<\/b>, consigue altos rendimiento ac\u00fastico, lo que permite ganar superficie \u00fatil en la edificaci\u00f3n.<\/p>\n\n\n\n<p>Est\u00e1 indicado para <b>todo tipo de soportes constructivos<\/b>. El soporte debe ser regular, limpio, seco y libre de elementos que puedan da\u00f1ar. Si el enlucido o revoco es antiguo debe comprobarse su estado para evitar problemas de adherencia.<\/p>\n<\/div>\n\n\n\n<div class=\"wp-block-column is-vertically-aligned-center is-layout-flow wp-block-column-is-layout-flow\" style=\"flex-basis:33.33%\"><div class=\"wp-block-image\">\n<figure class=\"aligncenter size-full is-resized\"><img loading=\"lazy\" decoding=\"async\" src=\"https:\/\/www.wurth.es\/blog\/wp-content\/uploads\/2023\/12\/WUACUSTIC-AISLANTE-ACUSTICO-MULTICAPA.webp\" alt=\"W\u00fcacustic aislante ac\u00fastico multicapa\" class=\"wp-image-4936\" width=\"157\" height=\"291\" srcset=\"https:\/\/www.wurth.es\/blog\/wp-content\/uploads\/2023\/12\/WUACUSTIC-AISLANTE-ACUSTICO-MULTICAPA.webp 431w, https:\/\/www.wurth.es\/blog\/wp-content\/uploads\/2023\/12\/WUACUSTIC-AISLANTE-ACUSTICO-MULTICAPA-162x300.webp 162w\" sizes=\"(max-width: 157px) 100vw, 157px\" \/><\/figure>\n<\/div>\n\n\n<div class=\"wp-block-buttons is-layout-flex wp-block-buttons-is-layout-flex\">\n<div class=\"wp-block-button aligncenter\"><a class=\"wp-block-button__link wp-element-button\" href=\"https:\/\/www.wurth.es\/wuacustic-aislante-acustico-multicapa\" target=\"_blank\" rel=\"noreferrer noopener\">Aislante Ac\u00fastico W\u00fcacustic<\/a><\/div>\n<\/div>\n<\/div>\n<\/div>\n\n\n\n<h3 class=\"wp-block-heading\">Aplicaciones<\/h3>\n\n\n\n<p>A continuaci\u00f3n detallamos los <b>escenarios para los que se recomienda<\/b> el aislamiento ac\u00fastico W\u00fcacustic:<\/p>\n\n\n\n<ul class=\"wp-block-list\">\n<li><b>Absorci\u00f3n ac\u00fastica de ruido a\u00e9reo y vibraciones<\/b> en medianeras entre distintos usuarios en edificios residenciales o comerciales.<\/li>\n\n\n\n<li>Aislamiento ac\u00fastico a ruido a\u00e9reo en <b>paramentos verticales de baja masa superficial<\/b>, como trasdosados de placa de yeso laminado y en tabiquer\u00edas ligeras.<\/li>\n\n\n\n<li><b>Obras de rehabilitaci\u00f3n<\/b> con requerimientos de bajo espesor.<\/li>\n\n\n\n<li>Aislamiento ac\u00fastico a ruido a\u00e9reo en <b>paramentos verticales de alta masa superficial<\/b>, como sistemas de doble tabique de ladrillo.<\/li>\n\n\n\n<li><b>Insonorizaci\u00f3n de cabinas industriales<\/b> y cuartos de m\u00e1quinas.<\/li>\n\n\n\n<li><b>Insonorizaci\u00f3n de conducciones de bajantes<\/b> y \u00e1reas de servicio.<\/li>\n\n\n\n<li>En <b>cavidades y superficies de dif\u00edcil acceso<\/b>.<\/li>\n<\/ul>\n\n\n\n<h3 class=\"wp-block-heading\">C\u00f3mo instalar el aislamiento ac\u00fastico W\u00fcacustic en paredes y techos<\/h3>\n\n\n\n<ol class=\"wp-block-list\" type=\"1\">\n<li><b>Cortar el aislante<\/b> a la medida correspondiente de la superficie a cubrir.<\/li>\n\n\n\n<li><b>Apoyar el aislante sobre la superficie<\/b>. La parte del aislante que contiene fibra de algod\u00f3n siempre se instala en contacto con el soporte y la l\u00e1mina viscoel\u00e1stica al exterior. De esta manera conseguimos el efecto masa-muelle-masa de la soluci\u00f3n constructiva.<\/li>\n\n\n\n<li><b>Realizar la fijaci\u00f3n utilizando cola de contacto<\/b>. Cubrir toda la superficie de instalaci\u00f3n y la cara textil del aislante con la <a href=\"https:\/\/www.wurth.es\/cola-contacto-mastik-800-1l\" target=\"_blank\" rel=\"noreferrer noopener\">cola de contacto<\/a> y esperar hasta que ambas superficies est\u00e9n secas al tacto para pegar el aislante. Tambi\u00e9n se puede fijar de manera mec\u00e1nica o como complemento del pegado qu\u00edmico con el <a href=\"https:\/\/www.wurth.es\/taco-aislamiento-w-ddx-d50x60\" target=\"_blank\" rel=\"noreferrer noopener\">taco aislamiento W-DDX<\/a>. El consumo recomendado es de 4 unidades por m2 en <strong>paredes<\/strong> y 5 unidades por m2 en <strong>techos<\/strong>. A la hora de taladrar el material aislante se recomienda usar taladros a rotaci\u00f3n retirando el residuo textil de la broca. La instalaci\u00f3n entre diferentes l\u00e1minas se realiza a testa sellando las juntas con <a href=\"https:\/\/www.wurth.es\/isoban-banda-acustica-autoadhesiva-aislante-de-perfiles-90mm-x-30m\" target=\"_blank\" rel=\"noreferrer noopener\">Isoban<\/a>.<\/li>\n<\/ol>\n\n\n\n<div class=\"wp-block-columns is-layout-flex wp-container-core-columns-is-layout-9d6595d7 wp-block-columns-is-layout-flex\">\n<div class=\"wp-block-column is-layout-flow wp-block-column-is-layout-flow\"><div class=\"wp-block-image\">\n<figure class=\"aligncenter size-full is-resized\"><img loading=\"lazy\" decoding=\"async\" src=\"https:\/\/www.wurth.es\/blog\/wp-content\/uploads\/2023\/12\/Cola-contacto-Mastik.webp\" alt=\"Cola de contacto Mastik \" class=\"wp-image-4942\" width=\"152\" height=\"200\" srcset=\"https:\/\/www.wurth.es\/blog\/wp-content\/uploads\/2023\/12\/Cola-contacto-Mastik.webp 607w, https:\/\/www.wurth.es\/blog\/wp-content\/uploads\/2023\/12\/Cola-contacto-Mastik-228x300.webp 228w\" sizes=\"(max-width: 152px) 100vw, 152px\" \/><\/figure>\n<\/div>\n\n\n<div class=\"wp-block-buttons is-layout-flex wp-block-buttons-is-layout-flex\">\n<div class=\"wp-block-button aligncenter\"><a class=\"wp-block-button__link wp-element-button\" href=\"https:\/\/www.wurth.es\/cola-contacto-mastik-800-1l\" target=\"_blank\" rel=\"noreferrer noopener\">Cola Contacto Mastik<\/a><\/div>\n<\/div>\n<\/div>\n\n\n\n<div class=\"wp-block-column is-layout-flow wp-block-column-is-layout-flow\"><div class=\"wp-block-image\">\n<figure class=\"aligncenter size-full is-resized\"><img loading=\"lazy\" decoding=\"async\" src=\"https:\/\/www.wurth.es\/blog\/wp-content\/uploads\/2023\/12\/Taco-aislamiento-W-DDX-D50X60.webp\" alt=\"Taco Aislamiento W-DDX \" class=\"wp-image-4943\" width=\"200\" height=\"200\" srcset=\"https:\/\/www.wurth.es\/blog\/wp-content\/uploads\/2023\/12\/Taco-aislamiento-W-DDX-D50X60.webp 800w, https:\/\/www.wurth.es\/blog\/wp-content\/uploads\/2023\/12\/Taco-aislamiento-W-DDX-D50X60-300x300.webp 300w, https:\/\/www.wurth.es\/blog\/wp-content\/uploads\/2023\/12\/Taco-aislamiento-W-DDX-D50X60-150x150.webp 150w, https:\/\/www.wurth.es\/blog\/wp-content\/uploads\/2023\/12\/Taco-aislamiento-W-DDX-D50X60-768x768.webp 768w\" sizes=\"(max-width: 200px) 100vw, 200px\" \/><\/figure>\n<\/div>\n\n\n<div class=\"wp-block-buttons is-layout-flex wp-block-buttons-is-layout-flex\">\n<div class=\"wp-block-button aligncenter\"><a class=\"wp-block-button__link wp-element-button\" href=\"https:\/\/www.wurth.es\/taco-aislamiento-w-ddx-d50x60\" target=\"_blank\" rel=\"noreferrer noopener\">Taco Aislamiento W-DDX<\/a><\/div>\n<\/div>\n<\/div>\n\n\n\n<div class=\"wp-block-column is-layout-flow wp-block-column-is-layout-flow\"><div class=\"wp-block-image\">\n<figure class=\"aligncenter size-full is-resized\"><img loading=\"lazy\" decoding=\"async\" src=\"https:\/\/www.wurth.es\/blog\/wp-content\/uploads\/2023\/12\/Isoban-cinta-acustica-autoadhesiva.webp\" alt=\"Isoban Cinta Autoadhesiva\" class=\"wp-image-4944\" width=\"267\" height=\"200\" srcset=\"https:\/\/www.wurth.es\/blog\/wp-content\/uploads\/2023\/12\/Isoban-cinta-acustica-autoadhesiva.webp 800w, https:\/\/www.wurth.es\/blog\/wp-content\/uploads\/2023\/12\/Isoban-cinta-acustica-autoadhesiva-300x225.webp 300w, https:\/\/www.wurth.es\/blog\/wp-content\/uploads\/2023\/12\/Isoban-cinta-acustica-autoadhesiva-768x576.webp 768w\" sizes=\"(max-width: 267px) 100vw, 267px\" \/><\/figure>\n<\/div>\n\n\n<div class=\"wp-block-buttons is-layout-flex wp-block-buttons-is-layout-flex\">\n<div class=\"wp-block-button aligncenter\"><a class=\"wp-block-button__link wp-element-button\" href=\"https:\/\/www.wurth.es\/isoban-banda-acustica-autoadhesiva-aislante-de-perfiles-90mm-x-30m\" target=\"_blank\" rel=\"noreferrer noopener\">Isoban<\/a><\/div>\n<\/div>\n<\/div>\n<\/div>\n\n\n\n<h2 class=\"wp-block-heading\"><span class=\"ez-toc-section\" id=\"te_asesoramos_en_materia_de_aislamientos\"><\/span>Te asesoramos en materia de aislamientos<span class=\"ez-toc-section-end\"><\/span><\/h2>\n\n\n\n<p>Desde la divisi\u00f3n de&nbsp;<b>Ingenier\u00eda de W\u00fcrth<\/b>&nbsp;proporcionamos&nbsp;<b>asesoramiento<\/b>&nbsp;en materia de aislamientos, adem\u00e1s de ofrecer todo tipo de servicios y productos en los \u00e1mbitos de los anclajes, energ\u00eda fotovoltaica, instalaciones contra incendios, aplicaciones de materiales, etc. Todo ello&nbsp;<b>analizando tu caso concreto<\/b>&nbsp;y ofreci\u00e9ndote&nbsp;<b>las mejores soluciones adaptadas<\/b>&nbsp;a \u00e9l.<\/p>\n\n\n\n<p>Para obtener&nbsp;<b>m\u00e1s informaci\u00f3n<\/b>, no dudes en contactar con el Ingeniero\/a W\u00fcrth de tu regi\u00f3n haciendo clic en el siguiente bot\u00f3n.<\/p>\n\n\n\n<div class=\"wp-block-buttons is-layout-flex wp-block-buttons-is-layout-flex\">\n<div class=\"wp-block-button\"><a class=\"wp-block-button__link wp-element-button\" href=\"https:\/\/www.wurth.es\/departamento-ingenieria\" target=\"_blank\" rel=\"noreferrer noopener\">Contactar con mi ingeniero\/a W\u00fcrth<\/a><\/div>\n<\/div>\n\n\n\n&nbsp;\n\n\n\n<div class=\"wp-block-media-text alignwide is-stacked-on-mobile has-white-color has-text-color has-background\" style=\"background-color:#c00000;grid-template-columns:15% auto\"><figure class=\"wp-block-media-text__media\"><img loading=\"lazy\" decoding=\"async\" width=\"1024\" height=\"1024\" src=\"https:\/\/www.wurth.es\/blog\/wp-content\/uploads\/2023\/07\/Logo-Wurth-1024x1024.jpg\" alt=\"W\u00fcrth Espa\u00f1a\" class=\"wp-image-4548 size-full\" srcset=\"https:\/\/www.wurth.es\/blog\/wp-content\/uploads\/2023\/07\/Logo-Wurth-1024x1024.jpg 1024w, https:\/\/www.wurth.es\/blog\/wp-content\/uploads\/2023\/07\/Logo-Wurth-300x300.jpg 300w, https:\/\/www.wurth.es\/blog\/wp-content\/uploads\/2023\/07\/Logo-Wurth-150x150.jpg 150w, https:\/\/www.wurth.es\/blog\/wp-content\/uploads\/2023\/07\/Logo-Wurth-768x768.jpg 768w, https:\/\/www.wurth.es\/blog\/wp-content\/uploads\/2023\/07\/Logo-Wurth-1536x1536.jpg 1536w, https:\/\/www.wurth.es\/blog\/wp-content\/uploads\/2023\/07\/Logo-Wurth.jpg 1638w\" sizes=\"(max-width: 1024px) 100vw, 1024px\" \/><\/figure><div class=\"wp-block-media-text__content\">\n<p><strong>AUTOR<\/strong><\/p>\n\n\n\n<p>Departamento de Ingenier\u00eda<\/p>\n\n\n\n<div class=\"wp-block-buttons is-layout-flex wp-block-buttons-is-layout-flex\">\n<div class=\"wp-block-button\"><a class=\"wp-block-button__link wp-element-button\" href=\"https:\/\/www.wurth.es\/departamento-ingenieria\">Contactar<\/a><\/div>\n<\/div>\n<\/div><\/div>\n","protected":false},"excerpt":{"rendered":"<p>Aislamiento ac\u00fastico entre viviendas El aislamiento ac\u00fastico entre viviendas es una medida fundamental para garantizar&#8230;<\/p>\n","protected":false},"author":3,"featured_media":4935,"comment_status":"closed","ping_status":"open","sticky":false,"template":"","format":"standard","meta":{"footnotes":""},"categories":[6],"tags":[145],"class_list":["post-4934","post","type-post","status-publish","format-standard","has-post-thumbnail","hentry","category-construccion","tag-departamento-de-ingenieria"],"_links":{"self":[{"href":"https:\/\/www.wurth.es\/blog\/wp-json\/wp\/v2\/posts\/4934","targetHints":{"allow":["GET"]}}],"collection":[{"href":"https:\/\/www.wurth.es\/blog\/wp-json\/wp\/v2\/posts"}],"about":[{"href":"https:\/\/www.wurth.es\/blog\/wp-json\/wp\/v2\/types\/post"}],"author":[{"embeddable":true,"href":"https:\/\/www.wurth.es\/blog\/wp-json\/wp\/v2\/users\/3"}],"replies":[{"embeddable":true,"href":"https:\/\/www.wurth.es\/blog\/wp-json\/wp\/v2\/comments?post=4934"}],"version-history":[{"count":11,"href":"https:\/\/www.wurth.es\/blog\/wp-json\/wp\/v2\/posts\/4934\/revisions"}],"predecessor-version":[{"id":8233,"href":"https:\/\/www.wurth.es\/blog\/wp-json\/wp\/v2\/posts\/4934\/revisions\/8233"}],"wp:featuredmedia":[{"embeddable":true,"href":"https:\/\/www.wurth.es\/blog\/wp-json\/wp\/v2\/media\/4935"}],"wp:attachment":[{"href":"https:\/\/www.wurth.es\/blog\/wp-json\/wp\/v2\/media?parent=4934"}],"wp:term":[{"taxonomy":"category","embeddable":true,"href":"https:\/\/www.wurth.es\/blog\/wp-json\/wp\/v2\/categories?post=4934"},{"taxonomy":"post_tag","embeddable":true,"href":"https:\/\/www.wurth.es\/blog\/wp-json\/wp\/v2\/tags?post=4934"}],"curies":[{"name":"wp","href":"https:\/\/api.w.org\/{rel}","templated":true}]}}