{"id":4814,"date":"2023-11-02T16:48:53","date_gmt":"2023-11-02T16:48:53","guid":{"rendered":"https:\/\/www.wurth.es\/blog\/?p=4814"},"modified":"2025-04-29T07:53:27","modified_gmt":"2025-04-29T07:53:27","slug":"cascos-proteccion-laboral","status":"publish","type":"post","link":"https:\/\/www.wurth.es\/blog\/cascos-proteccion-laboral\/","title":{"rendered":"\u00bfPor qu\u00e9 son tan importantes los cascos de protecci\u00f3n laboral?"},"content":{"rendered":"<div id=\"ez-toc-container\" class=\"ez-toc-v2_0_79_2 ez-toc-wrap-center counter-hierarchy ez-toc-counter ez-toc-custom ez-toc-container-direction\">\n<div class=\"ez-toc-title-container\">\n<p class=\"ez-toc-title\" style=\"cursor:inherit\">Tabla de contenidos:<\/p>\n<span class=\"ez-toc-title-toggle\"><a href=\"#\" class=\"ez-toc-pull-right ez-toc-btn ez-toc-btn-xs ez-toc-btn-default ez-toc-toggle\" aria-label=\"Alternar tabla de contenidos\"><span class=\"ez-toc-js-icon-con\"><span class=\"\"><span class=\"eztoc-hide\" style=\"display:none;\">Toggle<\/span><span class=\"ez-toc-icon-toggle-span\"><svg style=\"fill: #c00000;color:#c00000\" xmlns=\"http:\/\/www.w3.org\/2000\/svg\" class=\"list-377408\" width=\"20px\" height=\"20px\" viewBox=\"0 0 24 24\" fill=\"none\"><path d=\"M6 6H4v2h2V6zm14 0H8v2h12V6zM4 11h2v2H4v-2zm16 0H8v2h12v-2zM4 16h2v2H4v-2zm16 0H8v2h12v-2z\" fill=\"currentColor\"><\/path><\/svg><svg style=\"fill: #c00000;color:#c00000\" class=\"arrow-unsorted-368013\" xmlns=\"http:\/\/www.w3.org\/2000\/svg\" width=\"10px\" height=\"10px\" viewBox=\"0 0 24 24\" version=\"1.2\" baseProfile=\"tiny\"><path d=\"M18.2 9.3l-6.2-6.3-6.2 6.3c-.2.2-.3.4-.3.7s.1.5.3.7c.2.2.4.3.7.3h11c.3 0 .5-.1.7-.3.2-.2.3-.5.3-.7s-.1-.5-.3-.7zM5.8 14.7l6.2 6.3 6.2-6.3c.2-.2.3-.5.3-.7s-.1-.5-.3-.7c-.2-.2-.4-.3-.7-.3h-11c-.3 0-.5.1-.7.3-.2.2-.3.5-.3.7s.1.5.3.7z\"\/><\/svg><\/span><\/span><\/span><\/a><\/span><\/div>\n<nav><ul class='ez-toc-list ez-toc-list-level-1 ' ><li class='ez-toc-page-1 ez-toc-heading-level-2'><a class=\"ez-toc-link ez-toc-heading-1\" href=\"https:\/\/www.wurth.es\/blog\/cascos-proteccion-laboral\/#la_estadistica_responde_a_la_importancia_de_los_cascos_de_proteccion_laboral\" >La estad\u00edstica responde a la importancia de los cascos de protecci\u00f3n laboral<\/a><\/li><li class='ez-toc-page-1 ez-toc-heading-level-2'><a class=\"ez-toc-link ez-toc-heading-2\" href=\"https:\/\/www.wurth.es\/blog\/cascos-proteccion-laboral\/#tipos_de_cascos\" >Tipos de cascos<\/a><\/li><li class='ez-toc-page-1 ez-toc-heading-level-2'><a class=\"ez-toc-link ez-toc-heading-3\" href=\"https:\/\/www.wurth.es\/blog\/cascos-proteccion-laboral\/#gorras_de_proteccion\" >Gorras de protecci\u00f3n<\/a><\/li><li class='ez-toc-page-1 ez-toc-heading-level-2'><a class=\"ez-toc-link ez-toc-heading-4\" href=\"https:\/\/www.wurth.es\/blog\/cascos-proteccion-laboral\/#asesoramiento_en_seguridad_y_salud_laboral\" >Asesoramiento en Seguridad y Salud laboral<\/a><\/li><\/ul><\/nav><\/div>\n\n<p><strong>Tambi\u00e9n te puede interesar:<\/strong><\/p>\n\n\n\n<ul class=\"wp-block-list\">\n<li><a href=\"https:\/\/www.wurth.es\/blog\/senalizacion-luminiscente\/\">Se\u00f1alizaci\u00f3n luminiscente: Qu\u00e9 es, tipos y regulaci\u00f3n<\/a><\/li>\n\n\n\n<li><a href=\"https:\/\/www.wurth.es\/blog\/seguridad-soldadura\/\">Seguridad en trabajos de soldadura y corte con aporte de calor<\/a><\/li>\n\n\n\n<li><a href=\"https:\/\/www.wurth.es\/blog\/revision-epi-trabajos-altura\/\">Normativa sobre revisi\u00f3n de EPIs para trabajos en altura<\/a><\/li>\n<\/ul>\n\n\n\n<p>Los <strong>cascos de protecci\u00f3n laboral<\/strong> son <a href=\"https:\/\/www.wurth.es\/catalogo\/seguridad-y-salud\/equipos-de-proteccion-personal\">equipos de protecci\u00f3n individual<\/a> (EPI) dise\u00f1ados para proteger la cabeza de los trabajadores de los riesgos mec\u00e1nicos, t\u00e9rmicos y el\u00e9ctricos. Son uno de los EPI m\u00e1s utilizados en el mundo, ya que son esenciales para <strong>prevenir lesiones graves<\/strong> en la cabeza, como fracturas de cr\u00e1neo, hemorragias cerebrales y contusiones.<\/p>\n\n\n\n<p>En este art\u00edculo veremos los motivos por los que los cascos de protecci\u00f3n laboral son tan importantes, adem\u00e1s de descubrir diferentes <strong>tipos de cascos<\/strong> que existen y en qu\u00e9 casos est\u00e1n recomendados.<\/p>\n\n\n\n<div class=\"wp-block-columns is-layout-flex wp-container-core-columns-is-layout-9d6595d7 wp-block-columns-is-layout-flex\">\n<div class=\"wp-block-column has-white-color has-text-color has-background is-layout-flow wp-block-column-is-layout-flow\" style=\"background-color:#c00000\">\n&nbsp;\n\n\n\n<p class=\"has-text-align-center\"><strong>\u00a1REG\u00cdSTRATE!<\/strong><\/p>\n\n\n\n<p class=\"has-text-align-center\">Date de alta en nuestra web para&nbsp;<strong>consultar los precios<\/strong>&nbsp;y acceder a&nbsp;<strong>descuentos y promociones exclusivas<\/strong>&nbsp;pensadas especialmente para ti.<\/p>\n\n\n\n<div class=\"wp-block-buttons is-layout-flex wp-block-buttons-is-layout-flex\">\n<div class=\"wp-block-button aligncenter\"><a class=\"wp-block-button__link wp-element-button\" href=\"https:\/\/www.wurth.es\/customer\/account\/create\" target=\"_blank\" rel=\"noreferrer noopener\">REGISTRARME<\/a><\/div>\n<\/div>\n\n\n\n&nbsp;\n<\/div>\n<\/div>\n\n\n\n<h2 class=\"wp-block-heading\"><span class=\"ez-toc-section\" id=\"la_estadistica_responde_a_la_importancia_de_los_cascos_de_proteccion_laboral\"><\/span>La estad\u00edstica responde a la importancia de los cascos de protecci\u00f3n laboral<span class=\"ez-toc-section-end\"><\/span><\/h2>\n\n\n\n<p>Del an\u00e1lisis de los <strong>datos estad\u00edsticos<\/strong> adelantados por el <a href=\"https:\/\/www.mites.gob.es\/estadisticas\/eat\/welcome.htm\" rel=\"nofollow noopener\" target=\"_blank\">Ministerio de Trabajo y Econom\u00eda Social<\/a>, en el periodo Enero-Julio 2023, se produjeron unos <strong>19.634 accidentes de trabajo<\/strong> en los que la parte del cuerpo lesionada fue la <strong>cabeza<\/strong>.<\/p>\n\n\n\n<p>De ellos, <strong>46 fueron mortales y 255 graves<\/strong>, excluyendo los derivados de los desplazamientos al ir o volver del trabajo (accidentes in itinere).<\/p>\n\n\n\n<p><strong>De esto se puede concluir que la protecci\u00f3n de la cabeza en el \u00e1mbito laboral debe ser una de las prioridades en cuanto a la elecci\u00f3n de los EPIS se trata.<\/strong><\/p>\n\n\n<div class=\"wp-block-image\">\n<figure class=\"aligncenter size-large is-resized\"><img fetchpriority=\"high\" decoding=\"async\" src=\"https:\/\/www.wurth.es\/blog\/wp-content\/uploads\/2023\/11\/Infografia-Accidentes-1024x576.jpg\" alt=\"Accidentes laborales con lesi\u00f3n en la cabeza\" class=\"wp-image-4817\" width=\"768\" height=\"432\" srcset=\"https:\/\/www.wurth.es\/blog\/wp-content\/uploads\/2023\/11\/Infografia-Accidentes-1024x576.jpg 1024w, https:\/\/www.wurth.es\/blog\/wp-content\/uploads\/2023\/11\/Infografia-Accidentes-300x169.jpg 300w, https:\/\/www.wurth.es\/blog\/wp-content\/uploads\/2023\/11\/Infografia-Accidentes-768x432.jpg 768w, https:\/\/www.wurth.es\/blog\/wp-content\/uploads\/2023\/11\/Infografia-Accidentes.jpg 1280w\" sizes=\"(max-width: 768px) 100vw, 768px\" \/><figcaption class=\"wp-element-caption\">Accidentes laborales con lesi\u00f3n en la cabeza Enero-Julio 2023 seg\u00fan datos del Ministerio de Trabajo y Econom\u00eda Social<\/figcaption><\/figure>\n<\/div>\n\n\n<h2 class=\"wp-block-heading\"><span class=\"ez-toc-section\" id=\"tipos_de_cascos\"><\/span>Tipos de cascos<span class=\"ez-toc-section-end\"><\/span><\/h2>\n\n\n\n<p>Cuando hablamos de <strong>protecci\u00f3n de la cabeza<\/strong>, son varios aspectos los que debemos tener en cuenta.<\/p>\n\n\n\n<p>El primero de ellos es pensar <strong>frente a qu\u00e9 tipo de riesgos nos vamos a proteger<\/strong>, ya que hay varios que pueden afectar a esta zona del cuerpo, como pueden ser las ca\u00eddas de objetos desde niveles superiores, riesgos el\u00e9ctricos, riesgos por realizaci\u00f3n de trabajos en altura, riesgos t\u00e9rmicos, poda\/desbroce\u2026 Una vez identificado el riesgo, debemos elegir el <strong>tipo de casco<\/strong> que necesitamos para protegernos. A continuaci\u00f3n veremos algunos ejemplos as\u00ed como los escenarios para los cuales est\u00e1n recomendados.<\/p>\n\n\n\n<h3 class=\"wp-block-heading\">Cascos para la industria<\/h3>\n\n\n\n<p>Seg\u00fan <strong>norma EN397<\/strong>. Se puede decir que <strong>es el casco m\u00e1s com\u00fan<\/strong> y utilizado por la mayor\u00eda de los trabajadores. Su funci\u00f3n principal es la de <strong>proteger<\/strong> la cabeza del trabajador <strong>frente a la ca\u00edda de objetos desde niveles superiores<\/strong>. Se suele utilizar en sectores como la construcci\u00f3n o la industria.<\/p>\n\n\n\n<p>Un ejemplo de protecci\u00f3n para este escenario es el <a href=\"https:\/\/www.wurth.es\/casco-seguridad-blanco-6-pro-tek\">casco PRO TEK<\/a> (art. n\u00ba 0899200251), disponible en diferentes colores y con posibilidad de acoplar accesorios como <a href=\"https:\/\/www.wurth.es\/visor-antiralladas-pro-tek\">protecci\u00f3n ocular<\/a> (art. n\u00ba 0899200130), <a href=\"https:\/\/www.wurth.es\/auriculares-proteccion-auditiva-para-casco\">auriculares para proteger frente al ruido<\/a> y <a href=\"https:\/\/www.wurth.es\/barbuquejo\">barbuquejo<\/a> (art. n\u00ba 0899200265) para evitar la ca\u00edda del casco. Pueden disponer de rueda o no para regular el ajuste, diferentes tipos de arneses interiores y acolchados, ser ventilados o no\u2026 Si necesitas asesoramiento para elegir tus cascos para industria, puedes <a href=\"mailto:prescriptores.gama@wurth.es\">ponerte en contacto con nosotros<\/a>.<\/p>\n\n\n\n<div class=\"wp-block-columns is-layout-flex wp-container-core-columns-is-layout-9d6595d7 wp-block-columns-is-layout-flex\">\n<div class=\"wp-block-column is-layout-flow wp-block-column-is-layout-flow\"><div class=\"wp-block-image\">\n<figure class=\"aligncenter size-full is-resized\"><img decoding=\"async\" src=\"https:\/\/www.wurth.es\/blog\/wp-content\/uploads\/2023\/11\/Casco-Protek-Wurth.jpg\" alt=\"Casco Pro Tek W\u00fcrth\" class=\"wp-image-4818\" width=\"200\" height=\"160\" srcset=\"https:\/\/www.wurth.es\/blog\/wp-content\/uploads\/2023\/11\/Casco-Protek-Wurth.jpg 800w, https:\/\/www.wurth.es\/blog\/wp-content\/uploads\/2023\/11\/Casco-Protek-Wurth-300x240.jpg 300w, https:\/\/www.wurth.es\/blog\/wp-content\/uploads\/2023\/11\/Casco-Protek-Wurth-768x614.jpg 768w\" sizes=\"(max-width: 200px) 100vw, 200px\" \/><\/figure>\n<\/div>\n\n\n<div class=\"wp-block-buttons is-layout-flex wp-block-buttons-is-layout-flex\">\n<div class=\"wp-block-button aligncenter\"><a class=\"wp-block-button__link wp-element-button\" href=\"https:\/\/www.wurth.es\/catalogsearch\/result\/?q=casco+pro+tek\">Ver Casco Pro Tek<\/a><\/div>\n<\/div>\n<\/div>\n\n\n\n<div class=\"wp-block-column is-layout-flow wp-block-column-is-layout-flow\"><div class=\"wp-block-image\">\n<figure class=\"aligncenter size-full is-resized\"><img decoding=\"async\" src=\"https:\/\/www.wurth.es\/blog\/wp-content\/uploads\/2023\/11\/Visor-Protek.jpg\" alt=\"Visor Pro Tek W\u00fcrth\" class=\"wp-image-4819\" width=\"200\" height=\"178\" srcset=\"https:\/\/www.wurth.es\/blog\/wp-content\/uploads\/2023\/11\/Visor-Protek.jpg 800w, https:\/\/www.wurth.es\/blog\/wp-content\/uploads\/2023\/11\/Visor-Protek-300x267.jpg 300w, https:\/\/www.wurth.es\/blog\/wp-content\/uploads\/2023\/11\/Visor-Protek-768x684.jpg 768w\" sizes=\"(max-width: 200px) 100vw, 200px\" \/><\/figure>\n<\/div>\n\n\n<div class=\"wp-block-buttons is-layout-flex wp-block-buttons-is-layout-flex\">\n<div class=\"wp-block-button aligncenter\"><a class=\"wp-block-button__link wp-element-button\" href=\"https:\/\/www.wurth.es\/visor-antiralladas-pro-tek\">Ver Visor Pro Tek<\/a><\/div>\n<\/div>\n<\/div>\n\n\n\n<div class=\"wp-block-column is-layout-flow wp-block-column-is-layout-flow\"><div class=\"wp-block-image\">\n<figure class=\"aligncenter size-full is-resized\"><img loading=\"lazy\" decoding=\"async\" src=\"https:\/\/www.wurth.es\/blog\/wp-content\/uploads\/2023\/11\/auriculares-proteccion-auditiva-para-casco.webp\" alt=\"\" class=\"wp-image-4841\" width=\"200\" height=\"174\" srcset=\"https:\/\/www.wurth.es\/blog\/wp-content\/uploads\/2023\/11\/auriculares-proteccion-auditiva-para-casco.webp 800w, https:\/\/www.wurth.es\/blog\/wp-content\/uploads\/2023\/11\/auriculares-proteccion-auditiva-para-casco-300x260.webp 300w, https:\/\/www.wurth.es\/blog\/wp-content\/uploads\/2023\/11\/auriculares-proteccion-auditiva-para-casco-768x666.webp 768w\" sizes=\"(max-width: 200px) 100vw, 200px\" \/><\/figure>\n<\/div>\n\n\n<div class=\"wp-block-buttons is-layout-flex wp-block-buttons-is-layout-flex\">\n<div class=\"wp-block-button aligncenter\"><a class=\"wp-block-button__link wp-element-button\" href=\"https:\/\/www.wurth.es\/auriculares-proteccion-auditiva-para-casco\">Ver Auriculares para Acoplar a Casco<\/a><\/div>\n<\/div>\n<\/div>\n\n\n\n<div class=\"wp-block-column is-layout-flow wp-block-column-is-layout-flow\"><div class=\"wp-block-image\">\n<figure class=\"aligncenter size-full is-resized\"><img loading=\"lazy\" decoding=\"async\" src=\"https:\/\/www.wurth.es\/blog\/wp-content\/uploads\/2023\/11\/Barbuquejo-Wurth.jpg\" alt=\"Barbuquejo W\u00fcrth\" class=\"wp-image-4822\" width=\"279\" height=\"95\" srcset=\"https:\/\/www.wurth.es\/blog\/wp-content\/uploads\/2023\/11\/Barbuquejo-Wurth.jpg 800w, https:\/\/www.wurth.es\/blog\/wp-content\/uploads\/2023\/11\/Barbuquejo-Wurth-300x102.jpg 300w, https:\/\/www.wurth.es\/blog\/wp-content\/uploads\/2023\/11\/Barbuquejo-Wurth-768x261.jpg 768w\" sizes=\"(max-width: 279px) 100vw, 279px\" \/><\/figure>\n<\/div>\n\n\n<div class=\"wp-block-buttons is-layout-flex wp-block-buttons-is-layout-flex\">\n<div class=\"wp-block-button aligncenter\"><a class=\"wp-block-button__link wp-element-button\" href=\"https:\/\/www.wurth.es\/barbuquejo\">Ver Barbuquejo<\/a><\/div>\n<\/div>\n<\/div>\n<\/div>\n\n\n\n<h3 class=\"wp-block-heading\">Cascos para trabajos en altura<\/h3>\n\n\n\n<p>Seg\u00fan <strong>norma EN397<\/strong>. Las principales diferencias respecto al anterior radican en su <strong>forma<\/strong> (que es m\u00e1s esf\u00e9rica), en su <strong>visera<\/strong> (m\u00e1s corta para mejorar el campo de visi\u00f3n, especialmente hacia arriba), en sus <strong>acolchados interiores<\/strong> y en diferentes <strong>posibilidades para acoplar<\/strong> frontales, linternas, etc.<\/p>\n\n\n\n<p>El arn\u00e9s est\u00e1 <strong>dise\u00f1ado para abrirse autom\u00e1ticamente<\/strong> en caso de recibir una fuerza por enganche con el objetivo de evitar posibles estrangulamientos.<\/p>\n\n\n\n<p>Un modelo de ejemplo para estas situaciones el <a href=\"https:\/\/www.wurth.es\/casco-wurth-con-barboquejo-en397-blanco\">casco para trabajos en altura<\/a> (art. n\u00ba 0899200283), al que es posible acoplar <a href=\"https:\/\/www.wurth.es\/adaptador-auditivo-para-casco\">protecci\u00f3n auditiva<\/a> (art. n\u00ba 0899200286) y <a href=\"https:\/\/www.wurth.es\/pantalla-casco-barboquejo-transparente\">visual<\/a> (art. n\u00ba 0899200288).<\/p>\n\n\n\n<div class=\"wp-block-columns is-layout-flex wp-container-core-columns-is-layout-9d6595d7 wp-block-columns-is-layout-flex\">\n<div class=\"wp-block-column is-layout-flow wp-block-column-is-layout-flow\"><div class=\"wp-block-image\">\n<figure class=\"aligncenter size-full is-resized\"><img loading=\"lazy\" decoding=\"async\" src=\"https:\/\/www.wurth.es\/blog\/wp-content\/uploads\/2023\/11\/Casco-Trabajo-Altura-Wurth.jpg\" alt=\"Casco W\u00fcrth para trabajos en altura\" class=\"wp-image-4824\" width=\"176\" height=\"200\" srcset=\"https:\/\/www.wurth.es\/blog\/wp-content\/uploads\/2023\/11\/Casco-Trabajo-Altura-Wurth.jpg 703w, https:\/\/www.wurth.es\/blog\/wp-content\/uploads\/2023\/11\/Casco-Trabajo-Altura-Wurth-264x300.jpg 264w\" sizes=\"(max-width: 176px) 100vw, 176px\" \/><\/figure>\n<\/div>\n\n\n<div class=\"wp-block-buttons is-layout-flex wp-block-buttons-is-layout-flex\">\n<div class=\"wp-block-button aligncenter\"><a class=\"wp-block-button__link wp-element-button\" href=\"https:\/\/www.wurth.es\/casco-wurth-con-barboquejo-en397-blanco\">Ver Casco Trabajos Altura<\/a><\/div>\n<\/div>\n<\/div>\n\n\n\n<div class=\"wp-block-column is-layout-flow wp-block-column-is-layout-flow\"><div class=\"wp-block-image\">\n<figure class=\"aligncenter size-full is-resized\"><img loading=\"lazy\" decoding=\"async\" src=\"https:\/\/www.wurth.es\/blog\/wp-content\/uploads\/2023\/11\/Adaptador-Auditivo-Wurth.jpg\" alt=\"Ver Adaptador Auditivo W\u00fcrth\" class=\"wp-image-4826\" width=\"200\" height=\"197\" srcset=\"https:\/\/www.wurth.es\/blog\/wp-content\/uploads\/2023\/11\/Adaptador-Auditivo-Wurth.jpg 800w, https:\/\/www.wurth.es\/blog\/wp-content\/uploads\/2023\/11\/Adaptador-Auditivo-Wurth-300x295.jpg 300w, https:\/\/www.wurth.es\/blog\/wp-content\/uploads\/2023\/11\/Adaptador-Auditivo-Wurth-768x756.jpg 768w\" sizes=\"(max-width: 200px) 100vw, 200px\" \/><\/figure>\n<\/div>\n\n\n<div class=\"wp-block-buttons is-layout-flex wp-block-buttons-is-layout-flex\">\n<div class=\"wp-block-button aligncenter\"><a class=\"wp-block-button__link wp-element-button\" href=\"https:\/\/www.wurth.es\/adaptador-auditivo-para-casco\">Ver Adaptador Auditivo<\/a><\/div>\n<\/div>\n<\/div>\n\n\n\n<div class=\"wp-block-column is-layout-flow wp-block-column-is-layout-flow\"><div class=\"wp-block-image\">\n<figure class=\"aligncenter size-full is-resized\"><img loading=\"lazy\" decoding=\"async\" src=\"https:\/\/www.wurth.es\/blog\/wp-content\/uploads\/2023\/11\/Pantalla-Transparente-Wurth.jpg\" alt=\"Pantalla transparente W\u00fcrth\" class=\"wp-image-4827\" width=\"200\" height=\"135\" srcset=\"https:\/\/www.wurth.es\/blog\/wp-content\/uploads\/2023\/11\/Pantalla-Transparente-Wurth.jpg 800w, https:\/\/www.wurth.es\/blog\/wp-content\/uploads\/2023\/11\/Pantalla-Transparente-Wurth-300x203.jpg 300w, https:\/\/www.wurth.es\/blog\/wp-content\/uploads\/2023\/11\/Pantalla-Transparente-Wurth-768x519.jpg 768w\" sizes=\"(max-width: 200px) 100vw, 200px\" \/><\/figure>\n<\/div>\n\n\n<div class=\"wp-block-buttons is-layout-flex wp-block-buttons-is-layout-flex\">\n<div class=\"wp-block-button aligncenter\"><a class=\"wp-block-button__link wp-element-button\" href=\"https:\/\/www.wurth.es\/pantalla-casco-barboquejo-transparente\">Ver Pantalla Transparente<\/a><\/div>\n<\/div>\n<\/div>\n<\/div>\n\n\n\n<h3 class=\"wp-block-heading\">Cascos de protecci\u00f3n frente a riesgo el\u00e9ctrico<\/h3>\n\n\n\n<p>Seg\u00fan normas <strong>EN397<\/strong> y <strong>50365<\/strong>. Son cascos similares a los explicados anteriormente ya que tambi\u00e9n cumplen la norma EN397. Sin embargo, a dichas caracter\u00edsticas se a\u00f1aden los atributos aislantes y no ventilados.<\/p>\n\n\n\n<p>Un ejemplo para este escenario es el <a href=\"https:\/\/www.wurth.es\/casco-electricista-sh-e-2000-s-1000-v-ca\">casco electricista SH-E 2000<\/a> (art. n\u00ba 0899200236). Para mejorar la protecci\u00f3n de la cabeza y la cara, se recomienda acoplar la <a href=\"https:\/\/www.wurth.es\/pantallas-magneticas-electricista-para-casco-sh-e-2000-s-slb1\">pantalla magn\u00e9tica de protecci\u00f3n<\/a> (art. n\u00ba 0899200238). Tambi\u00e9n se puede colocar, como accesorio, la <a href=\"https:\/\/www.wurth.es\/auriculares-proteccion-auditiva-para-casco-sh-e-2000-s\">protecci\u00f3n auditiva espec\u00edfica<\/a> (art. n\u00ba 0899200264).<\/p>\n\n\n\n<div class=\"wp-block-columns is-layout-flex wp-container-core-columns-is-layout-9d6595d7 wp-block-columns-is-layout-flex\">\n<div class=\"wp-block-column is-layout-flow wp-block-column-is-layout-flow\"><div class=\"wp-block-image\">\n<figure class=\"aligncenter size-full is-resized\"><img loading=\"lazy\" decoding=\"async\" src=\"https:\/\/www.wurth.es\/blog\/wp-content\/uploads\/2023\/11\/Casco-Electricista-Wurth.jpg\" alt=\"Casco electricista W\u00fcrth\" class=\"wp-image-4828\" width=\"200\" height=\"133\" srcset=\"https:\/\/www.wurth.es\/blog\/wp-content\/uploads\/2023\/11\/Casco-Electricista-Wurth.jpg 800w, https:\/\/www.wurth.es\/blog\/wp-content\/uploads\/2023\/11\/Casco-Electricista-Wurth-300x200.jpg 300w, https:\/\/www.wurth.es\/blog\/wp-content\/uploads\/2023\/11\/Casco-Electricista-Wurth-768x512.jpg 768w\" sizes=\"(max-width: 200px) 100vw, 200px\" \/><\/figure>\n<\/div>\n\n\n<div class=\"wp-block-buttons is-layout-flex wp-block-buttons-is-layout-flex\">\n<div class=\"wp-block-button aligncenter\"><a class=\"wp-block-button__link wp-element-button\" href=\"https:\/\/www.wurth.es\/casco-electricista-sh-e-2000-s-1000-v-ca\">Ver Casco Electricista<\/a><\/div>\n<\/div>\n<\/div>\n\n\n\n<div class=\"wp-block-column is-layout-flow wp-block-column-is-layout-flow\"><div class=\"wp-block-image\">\n<figure class=\"aligncenter size-full is-resized\"><img loading=\"lazy\" decoding=\"async\" src=\"https:\/\/www.wurth.es\/blog\/wp-content\/uploads\/2023\/11\/Pantalla-Magnetica-Wurth.jpg\" alt=\"Pantalla magn\u00e9tica W\u00fcrth\" class=\"wp-image-4829\" width=\"200\" height=\"133\" srcset=\"https:\/\/www.wurth.es\/blog\/wp-content\/uploads\/2023\/11\/Pantalla-Magnetica-Wurth.jpg 800w, https:\/\/www.wurth.es\/blog\/wp-content\/uploads\/2023\/11\/Pantalla-Magnetica-Wurth-300x200.jpg 300w, https:\/\/www.wurth.es\/blog\/wp-content\/uploads\/2023\/11\/Pantalla-Magnetica-Wurth-768x512.jpg 768w\" sizes=\"(max-width: 200px) 100vw, 200px\" \/><\/figure>\n<\/div>\n\n\n<div class=\"wp-block-buttons is-layout-flex wp-block-buttons-is-layout-flex\">\n<div class=\"wp-block-button aligncenter\"><a class=\"wp-block-button__link wp-element-button\" href=\"https:\/\/www.wurth.es\/pantallas-magneticas-electricista-para-casco-sh-e-2000-s-slb1\">Ver Pantalla Magn\u00e9tica<\/a><\/div>\n<\/div>\n<\/div>\n\n\n\n<div class=\"wp-block-column is-layout-flow wp-block-column-is-layout-flow\"><div class=\"wp-block-image\">\n<figure class=\"aligncenter size-full is-resized\"><img loading=\"lazy\" decoding=\"async\" src=\"https:\/\/www.wurth.es\/blog\/wp-content\/uploads\/2023\/11\/Proteccion-Auditiva-Casco-SH-E-1.jpg\" alt=\"Protecci\u00f3n Auditiva Casco SH-E\" class=\"wp-image-4830\" width=\"200\" height=\"133\" srcset=\"https:\/\/www.wurth.es\/blog\/wp-content\/uploads\/2023\/11\/Proteccion-Auditiva-Casco-SH-E-1.jpg 800w, https:\/\/www.wurth.es\/blog\/wp-content\/uploads\/2023\/11\/Proteccion-Auditiva-Casco-SH-E-1-300x200.jpg 300w, https:\/\/www.wurth.es\/blog\/wp-content\/uploads\/2023\/11\/Proteccion-Auditiva-Casco-SH-E-1-768x512.jpg 768w\" sizes=\"(max-width: 200px) 100vw, 200px\" \/><\/figure>\n<\/div>\n\n\n<div class=\"wp-block-buttons is-layout-flex wp-block-buttons-is-layout-flex\">\n<div class=\"wp-block-button aligncenter\"><a class=\"wp-block-button__link wp-element-button\" href=\"https:\/\/www.wurth.es\/auriculares-proteccion-auditiva-para-casco-sh-e-2000-s\">Ver Protecci\u00f3n Auditiva SH-E<\/a><\/div>\n<\/div>\n<\/div>\n<\/div>\n\n\n\n<h3 class=\"wp-block-heading\">Cascos para tareas de desbroce<\/h3>\n\n\n\n<div class=\"wp-block-columns is-layout-flex wp-container-core-columns-is-layout-9d6595d7 wp-block-columns-is-layout-flex\">\n<div class=\"wp-block-column is-vertically-aligned-center is-layout-flow wp-block-column-is-layout-flow\" style=\"flex-basis:66.66%\">\n<p>Seg\u00fan norma EN397. Son cascos con pantalla de protecci\u00f3n facial tipo rejilla, que permite una buena visibilidad y evita proyecciones de ramas y dem\u00e1s objetos hacia la cara, adem\u00e1s de incorporar protecci\u00f3n auditiva.<\/p>\n\n\n\n<p>Para este caso disponemos del <a href=\"https:\/\/www.wurth.es\/casco-forestal\">casco forestal<\/a> (art. n\u00ba 0899200150).<\/p>\n<\/div>\n\n\n\n<div class=\"wp-block-column is-vertically-aligned-center is-layout-flow wp-block-column-is-layout-flow\" style=\"flex-basis:33.33%\">\n<figure class=\"wp-block-image size-full\"><img loading=\"lazy\" decoding=\"async\" width=\"800\" height=\"700\" src=\"https:\/\/www.wurth.es\/blog\/wp-content\/uploads\/2023\/11\/Casco-Forestal-Wurth.jpg\" alt=\"Casco Forestal W\u00fcrth\" class=\"wp-image-4831\" srcset=\"https:\/\/www.wurth.es\/blog\/wp-content\/uploads\/2023\/11\/Casco-Forestal-Wurth.jpg 800w, https:\/\/www.wurth.es\/blog\/wp-content\/uploads\/2023\/11\/Casco-Forestal-Wurth-300x263.jpg 300w, https:\/\/www.wurth.es\/blog\/wp-content\/uploads\/2023\/11\/Casco-Forestal-Wurth-768x672.jpg 768w\" sizes=\"(max-width: 800px) 100vw, 800px\" \/><\/figure>\n\n\n\n<div class=\"wp-block-buttons is-layout-flex wp-block-buttons-is-layout-flex\">\n<div class=\"wp-block-button aligncenter\"><a class=\"wp-block-button__link wp-element-button\" href=\"https:\/\/www.wurth.es\/casco-forestal\">Ver Casco Forestal<\/a><\/div>\n<\/div>\n<\/div>\n<\/div>\n\n\n\n<h3 class=\"wp-block-heading\">Otros tipos de cascos<\/h3>\n\n\n\n<p><strong>Espec\u00edficos<\/strong> para riesgos como los presentes en las tareas de lucha contra el fuego, conducci\u00f3n de diferentes veh\u00edculos, actividades deportivas, etc. Puedes consultar nuestro cat\u00e1logo de <a href=\"https:\/\/www.wurth.es\/catalogo\/seguridad-y-salud\/equipos-de-proteccion-personal\/cascos-protectores\">cascos protectores<\/a> o <a href=\"mailto:prescriptores.gama@wurth.es\">contactarnos<\/a> para recibir asesoramiento individualizado.<\/p>\n\n\n<div class=\"wp-block-image\">\n<figure class=\"aligncenter size-full is-resized\"><img loading=\"lazy\" decoding=\"async\" src=\"https:\/\/www.wurth.es\/blog\/wp-content\/uploads\/2023\/11\/Por-que-son-tan-importantes-los-cascos-de-proteccion-laboral-1.jpg\" alt=\"Cascos de Protecci\u00f3n W\u00fcrth\" class=\"wp-image-4832\" width=\"600\" height=\"401\" srcset=\"https:\/\/www.wurth.es\/blog\/wp-content\/uploads\/2023\/11\/Por-que-son-tan-importantes-los-cascos-de-proteccion-laboral-1.jpg 800w, https:\/\/www.wurth.es\/blog\/wp-content\/uploads\/2023\/11\/Por-que-son-tan-importantes-los-cascos-de-proteccion-laboral-1-300x200.jpg 300w, https:\/\/www.wurth.es\/blog\/wp-content\/uploads\/2023\/11\/Por-que-son-tan-importantes-los-cascos-de-proteccion-laboral-1-768x513.jpg 768w\" sizes=\"(max-width: 600px) 100vw, 600px\" \/><figcaption class=\"wp-element-caption\">Consulta el cat\u00e1logo de <a href=\"https:\/\/www.wurth.es\/catalogo\/seguridad-y-salud\/equipos-de-proteccion-personal\/cascos-protectores\">Cascos de Protecci\u00f3n W\u00fcrth<\/a><\/figcaption><\/figure>\n<\/div>\n\n\n<h2 class=\"wp-block-heading\"><span class=\"ez-toc-section\" id=\"gorras_de_proteccion\"><\/span>Gorras de protecci\u00f3n<span class=\"ez-toc-section-end\"><\/span><\/h2>\n\n\n\n<div class=\"wp-block-columns is-layout-flex wp-container-core-columns-is-layout-9d6595d7 wp-block-columns-is-layout-flex\">\n<div class=\"wp-block-column is-vertically-aligned-center is-layout-flow wp-block-column-is-layout-flow\" style=\"flex-basis:66.66%\">\n<p>Tambi\u00e9n existen las <strong>gorras de protecci\u00f3n<\/strong> frente a impactos, que cumplen con la norma EN812. Est\u00e1n pensadas para trabajos en entornos de poco espacio y en los que es previsible que sea el propio trabajador el que se golpee contra alguna estructura u objeto cercan.<\/p>\n\n\n\n<p>Un ejemplo es la <a href=\"https:\/\/www.wurth.es\/gorra-protectora-para-golpes\">gorra protectora para golpes<\/a> (art. n\u00ba 0899200980), la cual cuenta con orificios de ventilaci\u00f3n y casquete reforzado, ideal para protegernos frente a este tipo de accidentes de una forma c\u00f3moda.<\/p>\n<\/div>\n\n\n\n<div class=\"wp-block-column is-vertically-aligned-center is-layout-flow wp-block-column-is-layout-flow\" style=\"flex-basis:33.33%\"><div class=\"wp-block-image\">\n<figure class=\"aligncenter size-full\"><img loading=\"lazy\" decoding=\"async\" width=\"800\" height=\"531\" src=\"https:\/\/www.wurth.es\/blog\/wp-content\/uploads\/2023\/11\/Gorra-Protectora-Wurth.jpg\" alt=\"Gorra Protectora W\u00fcrth\" class=\"wp-image-4833\" srcset=\"https:\/\/www.wurth.es\/blog\/wp-content\/uploads\/2023\/11\/Gorra-Protectora-Wurth.jpg 800w, https:\/\/www.wurth.es\/blog\/wp-content\/uploads\/2023\/11\/Gorra-Protectora-Wurth-300x199.jpg 300w, https:\/\/www.wurth.es\/blog\/wp-content\/uploads\/2023\/11\/Gorra-Protectora-Wurth-768x510.jpg 768w\" sizes=\"(max-width: 800px) 100vw, 800px\" \/><\/figure>\n<\/div>\n\n\n<div class=\"wp-block-buttons is-layout-flex wp-block-buttons-is-layout-flex\">\n<div class=\"wp-block-button aligncenter\"><a class=\"wp-block-button__link wp-element-button\" href=\"https:\/\/www.wurth.es\/gorra-protectora-para-golpes\">Ver Gorra Protectora<\/a><\/div>\n<\/div>\n<\/div>\n<\/div>\n\n\n\n<h2 class=\"wp-block-heading\"><span class=\"ez-toc-section\" id=\"asesoramiento_en_seguridad_y_salud_laboral\"><\/span>Asesoramiento en Seguridad y Salud laboral<span class=\"ez-toc-section-end\"><\/span><\/h2>\n\n\n\n<p>En W\u00fcrth Espa\u00f1a ofrecemos la posibilidad de contar con el apoyo y asesoramiento de nuestro&nbsp;<strong>servicio de Prescripci\u00f3n de Seguridad y Salud<\/strong>, desde el cual te podremos aconsejar sobre los elementos de seguridad y salud que mejor se adecuan a las caracter\u00edsticas de tus trabajos y proyectos.<\/p>\n\n\n\n<p>Para m\u00e1s informaci\u00f3n y para recibir asesoramiento, puedes ponerte en contacto con nosotros haciendo clic en el siguiente bot\u00f3n.<\/p>\n\n\n\n<div class=\"wp-block-buttons is-layout-flex wp-block-buttons-is-layout-flex\">\n<div class=\"wp-block-button\"><a class=\"wp-block-button__link wp-element-button\" href=\"mailto:prescriptores.gama@wurth.es\">Contactar con el Departamento de Prescripci\u00f3n de Gama<\/a><\/div>\n<\/div>\n\n\n\n&nbsp;\n\n\n\n<div class=\"wp-block-media-text alignwide is-stacked-on-mobile has-white-color has-text-color has-background\" style=\"background-color:#c00000;grid-template-columns:15% auto\"><figure class=\"wp-block-media-text__media\"><img loading=\"lazy\" decoding=\"async\" width=\"1024\" height=\"1024\" src=\"https:\/\/www.wurth.es\/blog\/wp-content\/uploads\/2023\/07\/Logo-Wurth-1024x1024.jpg\" alt=\"W\u00fcrth Espa\u00f1a\" class=\"wp-image-4548 size-full\" srcset=\"https:\/\/www.wurth.es\/blog\/wp-content\/uploads\/2023\/07\/Logo-Wurth-1024x1024.jpg 1024w, https:\/\/www.wurth.es\/blog\/wp-content\/uploads\/2023\/07\/Logo-Wurth-300x300.jpg 300w, https:\/\/www.wurth.es\/blog\/wp-content\/uploads\/2023\/07\/Logo-Wurth-150x150.jpg 150w, https:\/\/www.wurth.es\/blog\/wp-content\/uploads\/2023\/07\/Logo-Wurth-768x768.jpg 768w, https:\/\/www.wurth.es\/blog\/wp-content\/uploads\/2023\/07\/Logo-Wurth-1536x1536.jpg 1536w, https:\/\/www.wurth.es\/blog\/wp-content\/uploads\/2023\/07\/Logo-Wurth.jpg 1638w\" sizes=\"(max-width: 1024px) 100vw, 1024px\" \/><\/figure><div class=\"wp-block-media-text__content\">\n<p><strong>AUTOR<\/strong><\/p>\n\n\n\n<p>Departamento de Prescripci\u00f3n de Gama<\/p>\n\n\n\n<div class=\"wp-block-buttons is-layout-flex wp-block-buttons-is-layout-flex\">\n<div class=\"wp-block-button\"><a class=\"wp-block-button__link wp-element-button\" href=\"mailto:prescriptores.gama@wurth.es\">Contactar<\/a><\/div>\n<\/div>\n<\/div><\/div>\n","protected":false},"excerpt":{"rendered":"<p>Tambi\u00e9n te puede interesar: Los cascos de protecci\u00f3n laboral son equipos de protecci\u00f3n individual (EPI)&#8230;<\/p>\n","protected":false},"author":3,"featured_media":4815,"comment_status":"closed","ping_status":"open","sticky":false,"template":"","format":"standard","meta":{"footnotes":""},"categories":[6,7],"tags":[149,151],"class_list":["post-4814","post","type-post","status-publish","format-standard","has-post-thumbnail","hentry","category-construccion","category-instaladores","tag-departamento-de-prescripcion-de-gama","tag-seguridad-y-salud"],"_links":{"self":[{"href":"https:\/\/www.wurth.es\/blog\/wp-json\/wp\/v2\/posts\/4814","targetHints":{"allow":["GET"]}}],"collection":[{"href":"https:\/\/www.wurth.es\/blog\/wp-json\/wp\/v2\/posts"}],"about":[{"href":"https:\/\/www.wurth.es\/blog\/wp-json\/wp\/v2\/types\/post"}],"author":[{"embeddable":true,"href":"https:\/\/www.wurth.es\/blog\/wp-json\/wp\/v2\/users\/3"}],"replies":[{"embeddable":true,"href":"https:\/\/www.wurth.es\/blog\/wp-json\/wp\/v2\/comments?post=4814"}],"version-history":[{"count":8,"href":"https:\/\/www.wurth.es\/blog\/wp-json\/wp\/v2\/posts\/4814\/revisions"}],"predecessor-version":[{"id":5218,"href":"https:\/\/www.wurth.es\/blog\/wp-json\/wp\/v2\/posts\/4814\/revisions\/5218"}],"wp:featuredmedia":[{"embeddable":true,"href":"https:\/\/www.wurth.es\/blog\/wp-json\/wp\/v2\/media\/4815"}],"wp:attachment":[{"href":"https:\/\/www.wurth.es\/blog\/wp-json\/wp\/v2\/media?parent=4814"}],"wp:term":[{"taxonomy":"category","embeddable":true,"href":"https:\/\/www.wurth.es\/blog\/wp-json\/wp\/v2\/categories?post=4814"},{"taxonomy":"post_tag","embeddable":true,"href":"https:\/\/www.wurth.es\/blog\/wp-json\/wp\/v2\/tags?post=4814"}],"curies":[{"name":"wp","href":"https:\/\/api.w.org\/{rel}","templated":true}]}}