{"id":4762,"date":"2023-10-25T10:30:21","date_gmt":"2023-10-25T10:30:21","guid":{"rendered":"https:\/\/www.wurth.es\/blog\/?p=4762"},"modified":"2026-03-25T14:11:00","modified_gmt":"2026-03-25T14:11:00","slug":"aislamiento-ecologico-eco-wutermic","status":"publish","type":"post","link":"https:\/\/www.wurth.es\/blog\/aislamiento-ecologico-eco-wutermic\/","title":{"rendered":"Aislamiento ecol\u00f3gico de altas prestaciones ECO-W\u00dcTERMIC\u00ae"},"content":{"rendered":"<div id=\"ez-toc-container\" class=\"ez-toc-v2_0_79_2 ez-toc-wrap-center counter-hierarchy ez-toc-counter ez-toc-custom ez-toc-container-direction\">\n<div class=\"ez-toc-title-container\">\n<p class=\"ez-toc-title\" style=\"cursor:inherit\">Tabla de contenidos:<\/p>\n<span class=\"ez-toc-title-toggle\"><a href=\"#\" class=\"ez-toc-pull-right ez-toc-btn ez-toc-btn-xs ez-toc-btn-default ez-toc-toggle\" aria-label=\"Alternar tabla de contenidos\"><span class=\"ez-toc-js-icon-con\"><span class=\"\"><span class=\"eztoc-hide\" style=\"display:none;\">Toggle<\/span><span class=\"ez-toc-icon-toggle-span\"><svg style=\"fill: #c00000;color:#c00000\" xmlns=\"http:\/\/www.w3.org\/2000\/svg\" class=\"list-377408\" width=\"20px\" height=\"20px\" viewBox=\"0 0 24 24\" fill=\"none\"><path d=\"M6 6H4v2h2V6zm14 0H8v2h12V6zM4 11h2v2H4v-2zm16 0H8v2h12v-2zM4 16h2v2H4v-2zm16 0H8v2h12v-2z\" fill=\"currentColor\"><\/path><\/svg><svg style=\"fill: #c00000;color:#c00000\" class=\"arrow-unsorted-368013\" xmlns=\"http:\/\/www.w3.org\/2000\/svg\" width=\"10px\" height=\"10px\" viewBox=\"0 0 24 24\" version=\"1.2\" baseProfile=\"tiny\"><path d=\"M18.2 9.3l-6.2-6.3-6.2 6.3c-.2.2-.3.4-.3.7s.1.5.3.7c.2.2.4.3.7.3h11c.3 0 .5-.1.7-.3.2-.2.3-.5.3-.7s-.1-.5-.3-.7zM5.8 14.7l6.2 6.3 6.2-6.3c.2-.2.3-.5.3-.7s-.1-.5-.3-.7c-.2-.2-.4-.3-.7-.3h-11c-.3 0-.5.1-.7.3-.2.2-.3.5-.3.7s.1.5.3.7z\"\/><\/svg><\/span><\/span><\/span><\/a><\/span><\/div>\n<nav><ul class='ez-toc-list ez-toc-list-level-1 ' ><li class='ez-toc-page-1 ez-toc-heading-level-2'><a class=\"ez-toc-link ez-toc-heading-1\" href=\"https:\/\/www.wurth.es\/blog\/aislamiento-ecologico-eco-wutermic\/#%c2%bfque_es_el_aislamiento_ecologico_eco-wutermic%c2%ae\" >\u00bfQu\u00e9 es el aislamiento ecol\u00f3gico ECO-W\u00dcTERMIC\u00ae?<\/a><\/li><li class='ez-toc-page-1 ez-toc-heading-level-2'><a class=\"ez-toc-link ez-toc-heading-2\" href=\"https:\/\/www.wurth.es\/blog\/aislamiento-ecologico-eco-wutermic\/#caracteristicas_del_aislamiento_ecologico_eco-wutermic%c2%ae\" >Caracter\u00edsticas del aislamiento ecol\u00f3gico ECO-W\u00dcTERMIC\u00ae<\/a><\/li><li class='ez-toc-page-1 ez-toc-heading-level-2'><a class=\"ez-toc-link ez-toc-heading-3\" href=\"https:\/\/www.wurth.es\/blog\/aislamiento-ecologico-eco-wutermic\/#beneficios_de_eco-wutermic%c2%ae\" >Beneficios de ECO-W\u00dcTERMIC\u00ae<\/a><\/li><li class='ez-toc-page-1 ez-toc-heading-level-2'><a class=\"ez-toc-link ez-toc-heading-4\" href=\"https:\/\/www.wurth.es\/blog\/aislamiento-ecologico-eco-wutermic\/#aplicaciones_del_aislante_ecologico_eco-wutermic%c2%ae\" >Aplicaciones del aislante ecol\u00f3gico ECO-W\u00dcTERMIC\u00ae<\/a><\/li><li class='ez-toc-page-1 ez-toc-heading-level-2'><a class=\"ez-toc-link ez-toc-heading-5\" href=\"https:\/\/www.wurth.es\/blog\/aislamiento-ecologico-eco-wutermic\/#asesoramiento_en_aislamientos\" >Asesoramiento en aislamientos<\/a><\/li><li class='ez-toc-page-1 ez-toc-heading-level-2'><a class=\"ez-toc-link ez-toc-heading-6\" href=\"https:\/\/www.wurth.es\/blog\/aislamiento-ecologico-eco-wutermic\/#confort_eficiencia_energetica_y_ecologia\" >Confort, eficiencia energ\u00e9tica y ecolog\u00eda<\/a><\/li><\/ul><\/nav><\/div>\n\n<p><b>Si te interesa el <strong>aislamiento ecol\u00f3gico<\/strong>, tambi\u00e9n te puede interesar:<\/b><\/p>\n\n\n\n<ul class=\"wp-block-list\">\n<li><a href=\"https:\/\/www.wurth.es\/blog\/lamina-impermeable-transpirable\/\" target=\"_blank\" rel=\"noreferrer noopener\">L\u00e1mina impermeable transpirable HPV TR2 DBA para cubiertas<\/a><\/li>\n\n\n\n<li><a href=\"https:\/\/www.wurth.es\/blog\/lana-de-roca-o-reflexivo\/\" target=\"_blank\" rel=\"noreferrer noopener\">Qu\u00e9 aislamiento elegir, \u00bflana de roca o reflexivo?<\/a><\/li>\n\n\n\n<li><a href=\"https:\/\/www.wurth.es\/blog\/aislamiento-acustico-entre-viviendas-paredes-techos\/\">Aislamiento ac\u00fastico entre viviendas W\u00fcacustic<\/a><\/li>\n<\/ul>\n\n\n\n<p>En un mundo cada vez m\u00e1s sensibilizado con la causa medioambiental y orientado hacia la <b>eficiencia energ\u00e9tica<\/b>, la b\u00fasqueda de soluciones sostenibles para nuestros hogares y lugares de trabajo se ha vuelto esencial.<\/p>\n\n\n\n<p>Un aspecto crucial de este proceso es el <b>aislamiento<\/b> (tanto t\u00e9rmico como ac\u00fastico), el cual no solo mejora la comodidad de los espacios interiores, sino que tambi\u00e9n desempe\u00f1a un papel fundamental en la reducci\u00f3n de nuestro impacto ambiental.<\/p>\n\n\n\n<p>En este contexto, a lo largo de esta publicaci\u00f3n nos adentraremos en el fascinante mundo del <strong>aislamiento ecol\u00f3gico<\/strong> mediante el sistema ECO-W\u00dcTERMIC\u00ae, explorando sus caracter\u00edsticas y ventajas que no solo mejoran nuestro bienestar, sino que tambi\u00e9n contribuyen a la preservaci\u00f3n del planeta.<\/p>\n\n\n\n<p><b>Si te dedicas a la construcci\u00f3n o a las instalaciones, \u00a1este art\u00edculo es para ti!<\/b><\/p>\n\n\n\n<div class=\"wp-block-columns is-layout-flex wp-container-core-columns-is-layout-9d6595d7 wp-block-columns-is-layout-flex\">\n<div class=\"wp-block-column has-white-color has-text-color has-background is-layout-flow wp-block-column-is-layout-flow\" style=\"background-color:#c00000\">\n&nbsp;\n\n\n\n<p class=\"has-text-align-center\"><b>\u00a1REG\u00cdSTRATE!<\/b><\/p>\n\n\n\n<p class=\"has-text-align-center\">Date de alta en nuestra web para&nbsp;<b>consultar los precios<\/b>&nbsp;y acceder a&nbsp;<b>descuentos y promociones exclusivas<\/b>&nbsp;pensadas especialmente para ti.<\/p>\n\n\n\n<div class=\"wp-block-buttons is-layout-flex wp-block-buttons-is-layout-flex\">\n<div class=\"wp-block-button aligncenter\"><a class=\"wp-block-button__link wp-element-button\" href=\"https:\/\/www.wurth.es\/customer\/account\/create\">REGISTRARME<\/a><\/div>\n<\/div>\n\n\n\n&nbsp;\n<\/div>\n<\/div>\n\n\n\n<h2 class=\"wp-block-heading\"><span class=\"ez-toc-section\" id=\"%c2%bfque_es_el_aislamiento_ecologico_eco-wutermic%c2%ae\"><\/span>\u00bfQu\u00e9 es el aislamiento ecol\u00f3gico ECO-W\u00dcTERMIC\u00ae?<span class=\"ez-toc-section-end\"><\/span><\/h2>\n\n\n\n<p>El <strong>aislamiento ecol\u00f3gico<\/strong> ECO-W\u00dcTERMIC\u00ae es un aislante ecol\u00f3gico de altas prestaciones t\u00e9rmicas y ac\u00fasticas dise\u00f1ado para mantener sus prestaciones durante toda la vida del edificio. Se trata de un producto con una baja <b>huella de carbono<\/b> fabricado con temperaturas en torno a 160\u00baC\/200\u00baC, a diferencia de las lanas minerales que se fabrican a 1.400\u00baC-1.650\u00baC.<\/p>\n\n\n\n<p>Se trata de un <strong>aislamiento ecol\u00f3gico 100% reciclable<\/strong> y compuesto por un 80% de materiales de procedencia reciclada como son los residuos industriales de origen textil.<\/p>\n\n\n<div class=\"wp-block-image\">\n<figure class=\"aligncenter size-large is-resized\"><img fetchpriority=\"high\" decoding=\"async\" width=\"1024\" height=\"473\" src=\"https:\/\/www.wurth.es\/blog\/wp-content\/uploads\/2023\/10\/Aislamiento-ecologico-ECO-WUTERMIC\u00ae-en-interior-1024x473.webp\" alt=\"Aislamiento ecol\u00f3gico ECO-W\u00dcTERMIC\u00ae en interior\" class=\"wp-image-4764\" style=\"width:768px;height:355px\" srcset=\"https:\/\/www.wurth.es\/blog\/wp-content\/uploads\/2023\/10\/Aislamiento-ecologico-ECO-WUTERMIC\u00ae-en-interior-1024x473.webp 1024w, https:\/\/www.wurth.es\/blog\/wp-content\/uploads\/2023\/10\/Aislamiento-ecologico-ECO-WUTERMIC\u00ae-en-interior-300x139.webp 300w, https:\/\/www.wurth.es\/blog\/wp-content\/uploads\/2023\/10\/Aislamiento-ecologico-ECO-WUTERMIC\u00ae-en-interior-768x355.webp 768w, https:\/\/www.wurth.es\/blog\/wp-content\/uploads\/2023\/10\/Aislamiento-ecologico-ECO-WUTERMIC\u00ae-en-interior-1536x709.webp 1536w, https:\/\/www.wurth.es\/blog\/wp-content\/uploads\/2023\/10\/Aislamiento-ecologico-ECO-WUTERMIC\u00ae-en-interior.webp 1600w\" sizes=\"(max-width: 1024px) 100vw, 1024px\" \/><figcaption class=\"wp-element-caption\">Aislamiento ecologico ECO-W\u00dcTERMIC\u00ae en interior<\/figcaption><\/figure>\n<\/div>\n\n\n<h2 class=\"wp-block-heading\"><span class=\"ez-toc-section\" id=\"caracteristicas_del_aislamiento_ecologico_eco-wutermic%c2%ae\"><\/span>Caracter\u00edsticas del aislamiento ecol\u00f3gico ECO-W\u00dcTERMIC\u00ae<span class=\"ez-toc-section-end\"><\/span><\/h2>\n\n\n\n<div class=\"wp-block-media-text alignwide has-media-on-the-right is-stacked-on-mobile\"><div class=\"wp-block-media-text__content\">\n<h3 class=\"wp-block-heading\">Ecol\u00f3gico y eco-sostenible<\/h3>\n\n\n\n<p>Tal y como hemos comentado anteriormente, el 80% de materiales del aislamiento ecol\u00f3gico ECO-W\u00dcTERMIC\u00ae son de procedencia reciclada, adem\u00e1s de ser 100% reciclable. Esto permite disminuir sensiblemente la <b>huella de carbono<\/b>.<\/p>\n\n\n\n<h3 class=\"wp-block-heading\">Excelente comportamiento t\u00e9rmico que reduce el consumo de energ\u00eda<\/h3>\n\n\n\n<p>La conductividad t\u00e9rmica, entre \u03bb=0,032 y \u03bb=0,034W\/(mK), proporciona una <b>eficiencia m\u00e1xima en aislamiento t\u00e9rmico<\/b>, con valores similares al poliuretano y con unos valores muy bajos de rigidez din\u00e1mica, lo que proporciona un alto confort ac\u00fastico a\u00f1adido.<\/p>\n\n\n\n<p>ECO-W\u00dcTERMIC\u00ae consigue mejores mediciones en obra. Los encuentros y remates quedan <b>perfectamente ajustados<\/b> sin puentes ac\u00fasticos ni t\u00e9rmicos, incluso sin necesidad de usar perfiler\u00eda.<\/p>\n<\/div><figure class=\"wp-block-media-text__media\"><img decoding=\"async\" width=\"1024\" height=\"682\" src=\"https:\/\/www.wurth.es\/blog\/wp-content\/uploads\/2023\/10\/Beneficios-del-aislamiento-ecologico-1024x682.webp\" alt=\"Beneficios del aislamiento ecologico\" class=\"wp-image-4765 size-full\" srcset=\"https:\/\/www.wurth.es\/blog\/wp-content\/uploads\/2023\/10\/Beneficios-del-aislamiento-ecologico-1024x682.webp 1024w, https:\/\/www.wurth.es\/blog\/wp-content\/uploads\/2023\/10\/Beneficios-del-aislamiento-ecologico-300x200.webp 300w, https:\/\/www.wurth.es\/blog\/wp-content\/uploads\/2023\/10\/Beneficios-del-aislamiento-ecologico-768x511.webp 768w, https:\/\/www.wurth.es\/blog\/wp-content\/uploads\/2023\/10\/Beneficios-del-aislamiento-ecologico.webp 1236w\" sizes=\"(max-width: 1024px) 100vw, 1024px\" \/><\/figure><\/div>\n\n\n\n<h3 class=\"wp-block-heading\">Aislante ac\u00fastico<\/h3>\n\n\n\n<p>Este <strong>aislamiento ecol\u00f3gico<\/strong> tiene un excelente comportamiento asociado a placas de yeso laminado, bloque o ladrillo y es especialmente eficaz en soluciones para reformas o aislamiento interior. En soluciones id\u00e9nticas con yeso, ladrillo y capa pesada supone un <b>ahorro en espacio de hasta un 35%<\/b> (testado en soluciones para una Rw de 33, 55 y 65dB). Adem\u00e1s, al disponer de una l\u00e1mina de aluminio en una cara de la placa, confiere prestaciones de baja la emisividad del aislante y barrera de vapor evitando la condensaci\u00f3n intersticial.<\/p>\n\n\n\n<h3 class=\"wp-block-heading\">No irrita piel ni v\u00edas respiratorias<\/h3>\n\n\n\n<p>Se trata de un <b>producto sin toxicidad<\/b> durante toda su vida ya que no contiene en su composici\u00f3n fibras minerales ni fibra de vidrio.<\/p>\n\n\n\n<p>Todas las fibras utilizadas son <b>textiles<\/b> y no necesitan una protecci\u00f3n especial para cortar ni instalar el material.<\/p>\n\n\n\n<div class=\"wp-block-columns is-layout-flex wp-container-core-columns-is-layout-9d6595d7 wp-block-columns-is-layout-flex\">\n<div class=\"wp-block-column is-layout-flow wp-block-column-is-layout-flow\">\n<h3 class=\"wp-block-heading\">Durabilidad<\/h3>\n\n\n\n<p>Su <b>vida \u00fatil<\/b> puede ser la misma que la del edificio sin perder propiedades. Una lana mineral de densidad est\u00e1ndar (20-22kg) pierde su cohesi\u00f3n en 3 a\u00f1os. Muchas lanas minerales ni siquiera tienen esa cantidad.<\/p>\n\n\n\n<h3 class=\"wp-block-heading\">F\u00e1cil instalaci\u00f3n<\/h3>\n\n\n\n<p>El aislamiento ecol\u00f3gico <strong>ECO-W\u00dcTERMIC\u00ae<\/strong> permite atornillar, clavar y adherir sin perder su cohesi\u00f3n interna. Se pueden unir varias capas entre s\u00ed.<\/p>\n\n\n\n<h3 class=\"wp-block-heading\">Buenas cohesi\u00f3n entre fibras<\/h3>\n\n\n\n<p>ECO-W\u00dcTERMIC\u00ae no se desgarra y permite <b>cortes limpios y perfectos<\/b>, permitiendo recortar figuras para adaptar su forma a cualquier espacio.<\/p>\n<\/div>\n\n\n\n<div class=\"wp-block-column is-vertically-aligned-center is-layout-flow wp-block-column-is-layout-flow\"><div class=\"wp-block-image\">\n<figure class=\"aligncenter size-large is-resized\"><img decoding=\"async\" width=\"1024\" height=\"927\" src=\"https:\/\/www.wurth.es\/blog\/wp-content\/uploads\/2023\/10\/Aislante-ecologico-Wutermic-1024x927.webp\" alt=\"Aislante ecol\u00f3gico W\u00fctermic\" class=\"wp-image-4767\" style=\"width:256px;height:232px\" srcset=\"https:\/\/www.wurth.es\/blog\/wp-content\/uploads\/2023\/10\/Aislante-ecologico-Wutermic-1024x927.webp 1024w, https:\/\/www.wurth.es\/blog\/wp-content\/uploads\/2023\/10\/Aislante-ecologico-Wutermic-300x271.webp 300w, https:\/\/www.wurth.es\/blog\/wp-content\/uploads\/2023\/10\/Aislante-ecologico-Wutermic-768x695.webp 768w, https:\/\/www.wurth.es\/blog\/wp-content\/uploads\/2023\/10\/Aislante-ecologico-Wutermic.webp 1523w\" sizes=\"(max-width: 1024px) 100vw, 1024px\" \/><\/figure>\n<\/div>\n\n\n<div class=\"wp-block-buttons is-layout-flex wp-block-buttons-is-layout-flex\">\n<div class=\"wp-block-button aligncenter\"><a class=\"wp-block-button__link wp-element-button\" href=\"https:\/\/www.wurth.es\/catalogo\/materiales-de-construccion\/material-aislam-para-tejados-fachadas\/aislamiento-fachada-pared\/aislamiento-de-pared\">Ver ECO-W\u00dcTERMIC\u00ae<\/a><\/div>\n<\/div>\n<\/div>\n<\/div>\n\n\n\n<h2 class=\"wp-block-heading\"><span class=\"ez-toc-section\" id=\"beneficios_de_eco-wutermic%c2%ae\"><\/span>Beneficios de ECO-W\u00dcTERMIC\u00ae<span class=\"ez-toc-section-end\"><\/span><\/h2>\n\n\n\n<p>A continuaci\u00f3n te detallamos los <strong>beneficios del aislamiento t\u00e9rmico<\/strong> ECO-W\u00dcTERMIC\u00ae:<\/p>\n\n\n\n<div class=\"wp-block-columns is-layout-flex wp-container-core-columns-is-layout-9d6595d7 wp-block-columns-is-layout-flex\">\n<div class=\"wp-block-column is-vertically-aligned-center is-layout-flow wp-block-column-is-layout-flow\" style=\"flex-basis:33.33%\"><div class=\"wp-block-image\">\n<figure class=\"aligncenter size-full is-resized\"><img loading=\"lazy\" decoding=\"async\" width=\"346\" height=\"755\" src=\"https:\/\/www.wurth.es\/blog\/wp-content\/uploads\/2023\/10\/Beneficios-del-aislamiento-ecologico-ECO-WUTERMIC\u00ae.webp\" alt=\"Beneficios-del aislamiento ecologico ECO-W\u00dcTERMIC\u00ae\" class=\"wp-image-4772\" style=\"width:150px;height:327px\" srcset=\"https:\/\/www.wurth.es\/blog\/wp-content\/uploads\/2023\/10\/Beneficios-del-aislamiento-ecologico-ECO-WUTERMIC\u00ae.webp 346w, https:\/\/www.wurth.es\/blog\/wp-content\/uploads\/2023\/10\/Beneficios-del-aislamiento-ecologico-ECO-WUTERMIC\u00ae-137x300.webp 137w\" sizes=\"(max-width: 346px) 100vw, 346px\" \/><\/figure>\n<\/div><\/div>\n\n\n\n<div class=\"wp-block-column is-vertically-aligned-center is-layout-flow wp-block-column-is-layout-flow\" style=\"flex-basis:66.66%\">\n<ol style=\"list-style-type:1\" class=\"wp-block-list\">\n<li><strong>Producto ecol\u00f3gico<\/strong>: Bio-sostenible, reciclado hasta un 80% y reciclable al 100%.<\/li>\n\n\n\n<li><strong>Ventajas en aislamiento t\u00e9rmico<\/strong>: Aporta valores para el cumplimiento del C.T.E. DB-H1 (ahorro energ\u00e9tico) ya que mejora las prestaciones en aislamiento t\u00e9rmico de las lanas minerales, con lo que puede ahorrarse un 20% de espesor para un aislamiento id\u00e9ntico.<\/li>\n\n\n\n<li><strong>Producto el\u00e1stico<\/strong>: No se rompe al doblar. Su m\u00f3dulo de elasticidad comparado con la lana de roca es 10 veces mayor. Con un 35% menos de peso, tiene 7 veces m\u00e1s resistencia a la tracci\u00f3n que la lana de roca.<\/li>\n\n\n\n<li><strong>Seguro en su instalaci\u00f3n<\/strong>: No produce molestias ni picores al estar basado en fibras naturales.<\/li>\n<\/ol>\n<\/div>\n<\/div>\n\n\n\n<ol style=\"list-style-type:1\" class=\"wp-block-list\">\n<li><\/li>\n<\/ol>\n\n\n\n<h2 class=\"wp-block-heading\"><span class=\"ez-toc-section\" id=\"aplicaciones_del_aislante_ecologico_eco-wutermic%c2%ae\"><\/span>Aplicaciones del aislante ecol\u00f3gico ECO-W\u00dcTERMIC\u00ae<span class=\"ez-toc-section-end\"><\/span><\/h2>\n\n\n<div class=\"wp-block-image\">\n<figure class=\"aligncenter size-large is-resized\"><img loading=\"lazy\" decoding=\"async\" width=\"1024\" height=\"576\" src=\"https:\/\/www.wurth.es\/blog\/wp-content\/uploads\/2023\/10\/Aplicaciones-de-ECO-WUTERMIC-1-1024x576.webp\" alt=\"Aplicaciones-de-ECO-W\u00dcTERMIC\" class=\"wp-image-4781\" style=\"width:768px;height:432px\" srcset=\"https:\/\/www.wurth.es\/blog\/wp-content\/uploads\/2023\/10\/Aplicaciones-de-ECO-WUTERMIC-1-1024x576.webp 1024w, https:\/\/www.wurth.es\/blog\/wp-content\/uploads\/2023\/10\/Aplicaciones-de-ECO-WUTERMIC-1-300x169.webp 300w, https:\/\/www.wurth.es\/blog\/wp-content\/uploads\/2023\/10\/Aplicaciones-de-ECO-WUTERMIC-1-768x432.webp 768w, https:\/\/www.wurth.es\/blog\/wp-content\/uploads\/2023\/10\/Aplicaciones-de-ECO-WUTERMIC-1-1536x864.webp 1536w, https:\/\/www.wurth.es\/blog\/wp-content\/uploads\/2023\/10\/Aplicaciones-de-ECO-WUTERMIC-1.webp 1777w\" sizes=\"(max-width: 1024px) 100vw, 1024px\" \/><\/figure>\n<\/div>\n\n\n<h3 class=\"wp-block-heading\">Cubiertas<\/h3>\n\n\n\n<ul class=\"wp-block-list\">\n<li><b>1. Sobre cubiertas entre rastreles<\/b>: ECO-W\u00dcTERMIC\u00ae \/ ECO-W\u00dcTERMIC\u00ae FACADE<\/li>\n\n\n\n<li><b>2. Bajo cubiertas<\/b>: ECO-W\u00dcTERMIC\u00ae \/ ECO-W\u00dcTERMIC\u00ae FACADE<\/li>\n<\/ul>\n\n\n\n<h3 class=\"wp-block-heading\">Fachadas y medianeras<\/h3>\n\n\n\n<ul class=\"wp-block-list\">\n<li><b>3. Trasdosados y medianeras<\/b>: ECO-W\u00dcTERMIC\u00ae<\/li>\n\n\n\n<li><b>4. Fachadas ventiladas<\/b>: ECO-W\u00dcTERMIC\u00ae FACADE<\/li>\n<\/ul>\n\n\n\n<h3 class=\"wp-block-heading\">Particiones interiores<\/h3>\n\n\n\n<ul class=\"wp-block-list\">\n<li><b>5. Particiones interiores<\/b>: ECO-W\u00dcTERMIC\u00ae<\/li>\n\n\n\n<li><b>6. Techos<\/b>: ECO-W\u00dcTERMIC\u00ae FACADE<\/li>\n<\/ul>\n\n\n\n<div class=\"wp-block-columns is-layout-flex wp-container-core-columns-is-layout-9d6595d7 wp-block-columns-is-layout-flex\">\n<div class=\"wp-block-column is-layout-flow wp-block-column-is-layout-flow\"><div class=\"wp-block-image\">\n<figure class=\"aligncenter size-large is-resized\"><img decoding=\"async\" width=\"1024\" height=\"927\" src=\"https:\/\/www.wurth.es\/blog\/wp-content\/uploads\/2023\/10\/Aislante-ecologico-Wutermic-1024x927.webp\" alt=\"Aislante ecol\u00f3gico W\u00fctermic\" class=\"wp-image-4767\" style=\"width:256px;height:232px\" srcset=\"https:\/\/www.wurth.es\/blog\/wp-content\/uploads\/2023\/10\/Aislante-ecologico-Wutermic-1024x927.webp 1024w, https:\/\/www.wurth.es\/blog\/wp-content\/uploads\/2023\/10\/Aislante-ecologico-Wutermic-300x271.webp 300w, https:\/\/www.wurth.es\/blog\/wp-content\/uploads\/2023\/10\/Aislante-ecologico-Wutermic-768x695.webp 768w, https:\/\/www.wurth.es\/blog\/wp-content\/uploads\/2023\/10\/Aislante-ecologico-Wutermic.webp 1523w\" sizes=\"(max-width: 1024px) 100vw, 1024px\" \/><\/figure>\n<\/div>\n\n\n<div class=\"wp-block-buttons is-layout-flex wp-block-buttons-is-layout-flex\">\n<div class=\"wp-block-button aligncenter\"><a class=\"wp-block-button__link wp-element-button\" href=\"https:\/\/www.wurth.es\/catalogo\/materiales-de-construccion\/material-aislam-para-tejados-fachadas\/aislamiento-fachada-pared\/aislamiento-de-pared\">Aislamiento de pared<\/a><\/div>\n<\/div>\n<\/div>\n\n\n\n<div class=\"wp-block-column is-layout-flow wp-block-column-is-layout-flow\"><div class=\"wp-block-image\">\n<figure class=\"aligncenter size-full is-resized\"><img loading=\"lazy\" decoding=\"async\" width=\"533\" height=\"800\" src=\"https:\/\/www.wurth.es\/blog\/wp-content\/uploads\/2023\/10\/Eco-Wutermic-Facade.webp\" alt=\"AISLANTE ECOL\u00d3GICO W\u00dcTERMIC FACADE\" class=\"wp-image-4783\" style=\"width:133px;height:233px\" srcset=\"https:\/\/www.wurth.es\/blog\/wp-content\/uploads\/2023\/10\/Eco-Wutermic-Facade.webp 533w, https:\/\/www.wurth.es\/blog\/wp-content\/uploads\/2023\/10\/Eco-Wutermic-Facade-200x300.webp 200w\" sizes=\"(max-width: 533px) 100vw, 533px\" \/><\/figure>\n<\/div>\n\n\n<div class=\"wp-block-buttons is-layout-flex wp-block-buttons-is-layout-flex\">\n<div class=\"wp-block-button aligncenter\"><a class=\"wp-block-button__link wp-element-button\" href=\"https:\/\/www.wurth.es\/catalogo\/materiales-de-construccion\/material-aislam-para-tejados-fachadas\/aislamiento-fachada-pared\/aislamiento-de-fachada\">Aislamiento de fachada<\/a><\/div>\n<\/div>\n<\/div>\n<\/div>\n\n\n\n<h2 class=\"wp-block-heading\"><span class=\"ez-toc-section\" id=\"asesoramiento_en_aislamientos\"><\/span>Asesoramiento en aislamientos<span class=\"ez-toc-section-end\"><\/span><\/h2>\n\n\n\n<p>Desde la divisi\u00f3n de <b>Ingenier\u00eda de W\u00fcrth<\/b> proporcionamos <b>asesoramiento<\/b> en materia de aislamientos, adem\u00e1s de ofrecer todo tipo de servicios y productos en los \u00e1mbitos de los anclajes, energ\u00eda fotovoltaica, instalaciones contra incendios, aplicaciones de materiales, etc. Todo ello <b>analizando tu caso concreto<\/b> y ofreci\u00e9ndote <b>las mejores soluciones adaptadas<\/b> a \u00e9l.<\/p>\n\n\n\n<p>Para obtener <b>m\u00e1s informaci\u00f3n<\/b>, no dudes en contactar con el Ingeniero\/a W\u00fcrth de tu regi\u00f3n haciendo clic en el siguiente bot\u00f3n.<\/p>\n\n\n\n<div class=\"wp-block-buttons is-layout-flex wp-block-buttons-is-layout-flex\">\n<div class=\"wp-block-button\"><a class=\"wp-block-button__link wp-element-button\" href=\"https:\/\/www.wurth.es\/departamento-ingenieria\" target=\"_blank\" rel=\"noreferrer noopener\">Contactar con mi Ingeniero\/a W\u00fcrth<\/a><\/div>\n<\/div>\n\n\n\n<h2 class=\"wp-block-heading\"><span class=\"ez-toc-section\" id=\"confort_eficiencia_energetica_y_ecologia\"><\/span>Confort, eficiencia energ\u00e9tica y ecolog\u00eda<span class=\"ez-toc-section-end\"><\/span><\/h2>\n\n\n\n<p>A modo de s\u00edntesis, el <strong>aislamiento ecol\u00f3gico ECO-W\u00dcTERMIC\u00ae<\/strong> mejora el <strong>confort t\u00e9rmico y ac\u00fastico<\/strong> optimizando la <strong>eficiencia energ\u00e9tica<\/strong>. Todo ello de una manera <strong>ecol\u00f3gica<\/strong> y sostenible.<\/p>\n\n\n\n<p>Para <b>m\u00e1s informaci\u00f3n<\/b>, no dudes en <a href=\"https:\/\/www.wurth.es\/departamento-ingenieria\" target=\"_blank\" rel=\"noreferrer noopener\">ponerte en contacto con nosotros<\/a>. \u00a1Estaremos encantados de atenderte!<\/p>\n\n\n\n&nbsp;\n\n\n\n<div class=\"wp-block-media-text alignwide is-stacked-on-mobile has-white-color has-text-color has-background\" style=\"background-color:#c00000;grid-template-columns:15% auto\"><figure class=\"wp-block-media-text__media\"><img loading=\"lazy\" decoding=\"async\" width=\"1024\" height=\"1024\" src=\"https:\/\/www.wurth.es\/blog\/wp-content\/uploads\/2023\/07\/Logo-Wurth-1024x1024.jpg\" alt=\"W\u00fcrth Espa\u00f1a\" class=\"wp-image-4548 size-full\" srcset=\"https:\/\/www.wurth.es\/blog\/wp-content\/uploads\/2023\/07\/Logo-Wurth-1024x1024.jpg 1024w, https:\/\/www.wurth.es\/blog\/wp-content\/uploads\/2023\/07\/Logo-Wurth-300x300.jpg 300w, https:\/\/www.wurth.es\/blog\/wp-content\/uploads\/2023\/07\/Logo-Wurth-150x150.jpg 150w, https:\/\/www.wurth.es\/blog\/wp-content\/uploads\/2023\/07\/Logo-Wurth-768x768.jpg 768w, https:\/\/www.wurth.es\/blog\/wp-content\/uploads\/2023\/07\/Logo-Wurth-1536x1536.jpg 1536w, https:\/\/www.wurth.es\/blog\/wp-content\/uploads\/2023\/07\/Logo-Wurth.jpg 1638w\" sizes=\"(max-width: 1024px) 100vw, 1024px\" \/><\/figure><div class=\"wp-block-media-text__content\">\n<p><strong>Autor<\/strong><\/p>\n\n\n\n<p>Departamento de Ingenier\u00eda<\/p>\n\n\n\n<div class=\"wp-block-buttons is-layout-flex wp-block-buttons-is-layout-flex\">\n<div class=\"wp-block-button\"><a class=\"wp-block-button__link wp-element-button\" href=\"https:\/\/www.wurth.es\/departamento-ingenieria\" target=\"_blank\" rel=\"noreferrer noopener\">Contactar<\/a><\/div>\n<\/div>\n<\/div><\/div>\n","protected":false},"excerpt":{"rendered":"<p>Si te interesa el aislamiento ecol\u00f3gico, tambi\u00e9n te puede interesar: En un mundo cada vez&#8230;<\/p>\n","protected":false},"author":3,"featured_media":4763,"comment_status":"closed","ping_status":"open","sticky":false,"template":"","format":"standard","meta":{"footnotes":""},"categories":[6],"tags":[145],"class_list":["post-4762","post","type-post","status-publish","format-standard","has-post-thumbnail","hentry","category-construccion","tag-departamento-de-ingenieria"],"_links":{"self":[{"href":"https:\/\/www.wurth.es\/blog\/wp-json\/wp\/v2\/posts\/4762","targetHints":{"allow":["GET"]}}],"collection":[{"href":"https:\/\/www.wurth.es\/blog\/wp-json\/wp\/v2\/posts"}],"about":[{"href":"https:\/\/www.wurth.es\/blog\/wp-json\/wp\/v2\/types\/post"}],"author":[{"embeddable":true,"href":"https:\/\/www.wurth.es\/blog\/wp-json\/wp\/v2\/users\/3"}],"replies":[{"embeddable":true,"href":"https:\/\/www.wurth.es\/blog\/wp-json\/wp\/v2\/comments?post=4762"}],"version-history":[{"count":20,"href":"https:\/\/www.wurth.es\/blog\/wp-json\/wp\/v2\/posts\/4762\/revisions"}],"predecessor-version":[{"id":8815,"href":"https:\/\/www.wurth.es\/blog\/wp-json\/wp\/v2\/posts\/4762\/revisions\/8815"}],"wp:featuredmedia":[{"embeddable":true,"href":"https:\/\/www.wurth.es\/blog\/wp-json\/wp\/v2\/media\/4763"}],"wp:attachment":[{"href":"https:\/\/www.wurth.es\/blog\/wp-json\/wp\/v2\/media?parent=4762"}],"wp:term":[{"taxonomy":"category","embeddable":true,"href":"https:\/\/www.wurth.es\/blog\/wp-json\/wp\/v2\/categories?post=4762"},{"taxonomy":"post_tag","embeddable":true,"href":"https:\/\/www.wurth.es\/blog\/wp-json\/wp\/v2\/tags?post=4762"}],"curies":[{"name":"wp","href":"https:\/\/api.w.org\/{rel}","templated":true}]}}