{"id":4707,"date":"2023-09-28T14:20:25","date_gmt":"2023-09-28T14:20:25","guid":{"rendered":"https:\/\/www.wurth.es\/blog\/?p=4707"},"modified":"2025-03-21T07:12:26","modified_gmt":"2025-03-21T07:12:26","slug":"tipos-escaleras-normativa-como-elegirlas","status":"publish","type":"post","link":"https:\/\/www.wurth.es\/blog\/tipos-escaleras-normativa-como-elegirlas\/","title":{"rendered":"Tipos de escaleras de trabajo: normativa y c\u00f3mo elegirlas"},"content":{"rendered":"<div id=\"ez-toc-container\" class=\"ez-toc-v2_0_79_2 ez-toc-wrap-center counter-hierarchy ez-toc-counter ez-toc-custom ez-toc-container-direction\">\n<div class=\"ez-toc-title-container\">\n<p class=\"ez-toc-title\" style=\"cursor:inherit\">Tabla de contenidos:<\/p>\n<span class=\"ez-toc-title-toggle\"><a href=\"#\" class=\"ez-toc-pull-right ez-toc-btn ez-toc-btn-xs ez-toc-btn-default ez-toc-toggle\" aria-label=\"Alternar tabla de contenidos\"><span class=\"ez-toc-js-icon-con\"><span class=\"\"><span class=\"eztoc-hide\" style=\"display:none;\">Toggle<\/span><span class=\"ez-toc-icon-toggle-span\"><svg style=\"fill: #c00000;color:#c00000\" xmlns=\"http:\/\/www.w3.org\/2000\/svg\" class=\"list-377408\" width=\"20px\" height=\"20px\" viewBox=\"0 0 24 24\" fill=\"none\"><path d=\"M6 6H4v2h2V6zm14 0H8v2h12V6zM4 11h2v2H4v-2zm16 0H8v2h12v-2zM4 16h2v2H4v-2zm16 0H8v2h12v-2z\" fill=\"currentColor\"><\/path><\/svg><svg style=\"fill: #c00000;color:#c00000\" class=\"arrow-unsorted-368013\" xmlns=\"http:\/\/www.w3.org\/2000\/svg\" width=\"10px\" height=\"10px\" viewBox=\"0 0 24 24\" version=\"1.2\" baseProfile=\"tiny\"><path d=\"M18.2 9.3l-6.2-6.3-6.2 6.3c-.2.2-.3.4-.3.7s.1.5.3.7c.2.2.4.3.7.3h11c.3 0 .5-.1.7-.3.2-.2.3-.5.3-.7s-.1-.5-.3-.7zM5.8 14.7l6.2 6.3 6.2-6.3c.2-.2.3-.5.3-.7s-.1-.5-.3-.7c-.2-.2-.4-.3-.7-.3h-11c-.3 0-.5.1-.7.3-.2.2-.3.5-.3.7s.1.5.3.7z\"\/><\/svg><\/span><\/span><\/span><\/a><\/span><\/div>\n<nav><ul class='ez-toc-list ez-toc-list-level-1 ' ><li class='ez-toc-page-1 ez-toc-heading-level-2'><a class=\"ez-toc-link ez-toc-heading-1\" href=\"https:\/\/www.wurth.es\/blog\/tipos-escaleras-normativa-como-elegirlas\/#%c2%bfque_escalera_necesito\" >\u00bfQu\u00e9 escalera necesito?<\/a><\/li><li class='ez-toc-page-1 ez-toc-heading-level-2'><a class=\"ez-toc-link ez-toc-heading-2\" href=\"https:\/\/www.wurth.es\/blog\/tipos-escaleras-normativa-como-elegirlas\/#normativa_de_escaleras_de_trabajo\" >Normativa de escaleras de trabajo<\/a><\/li><\/ul><\/nav><\/div>\n\n<p><strong>Si te interesan los tipos de escaleras, tambi\u00e9n te puede interesar:<\/strong><\/p>\n\n\n\n<ul class=\"wp-block-list\">\n<li><a href=\"https:\/\/www.wurth.es\/blog\/revision-epi-trabajos-altura\/\" target=\"_blank\" rel=\"noreferrer noopener\">Normativa sobre revisi\u00f3n de EPIs para trabajos en altura<\/a><\/li>\n\n\n\n<li><a href=\"https:\/\/www.wurth.es\/blog\/eliminar-oxido-acero-inoxidable\/\" target=\"_blank\" rel=\"noreferrer noopener\">C\u00f3mo eliminar \u00f3xido en acero inoxidable<\/a><\/li>\n<\/ul>\n\n\n<div class=\"wp-block-image\">\n<figure class=\"aligncenter size-full is-resized\"><img fetchpriority=\"high\" decoding=\"async\" src=\"https:\/\/www.wurth.es\/blog\/wp-content\/uploads\/2023\/09\/Tipos-de-Escaleras-edited.jpg\" alt=\"Tipos de Escaleras de Trabajo W\u00fcrth\" class=\"wp-image-4733\" width=\"600\" height=\"338\" srcset=\"https:\/\/www.wurth.es\/blog\/wp-content\/uploads\/2023\/09\/Tipos-de-Escaleras-edited.jpg 800w, https:\/\/www.wurth.es\/blog\/wp-content\/uploads\/2023\/09\/Tipos-de-Escaleras-edited-300x169.jpg 300w, https:\/\/www.wurth.es\/blog\/wp-content\/uploads\/2023\/09\/Tipos-de-Escaleras-edited-768x432.jpg 768w\" sizes=\"(max-width: 600px) 100vw, 600px\" \/><\/figure>\n<\/div>\n\n\n&nbsp;\n\n\n\n<p>Las <a href=\"https:\/\/www.wurth.es\/catalogo\/equipamiento-de-taller\/equipos-de-taller\/escaleras-y-escalones\" target=\"_blank\" rel=\"noreferrer noopener\">escaleras<\/a> son elementos port\u00e1tiles compuestos por dos largueros que est\u00e1n encajados transversalmente y a igual distancia con unos travesa\u00f1os que sirven de escalones. Pueden ser de madera, aluminio o de fibra.<\/p>\n\n\n\n<p>En funci\u00f3n de cada necesidad de intervenci\u00f3n se recomiendan diferentes <strong>tipos de escaleras<\/strong>. Adem\u00e1s, es de gran importancia que \u00e9stas cumplan con las <strong>normativas<\/strong> vigentes para maximizar la seguridad durante las intervenciones, respondiendo as\u00ed a la prevenci\u00f3n de riesgos laborales.<\/p>\n\n\n\n<p>Por estos motivos, a lo largo de este art\u00edculo veremos <strong>c\u00f3mo elegir una escalera de trabajo<\/strong>, los <strong>tipos de escaleras<\/strong> que existen y las <strong>normativas<\/strong> a las que est\u00e1n sujetas. Sin m\u00e1s dilaci\u00f3n, \u00a1entremos en materia!<\/p>\n\n\n\n<div class=\"wp-block-columns is-layout-flex wp-container-core-columns-is-layout-9d6595d7 wp-block-columns-is-layout-flex\">\n<div class=\"wp-block-column has-white-color has-text-color has-background is-layout-flow wp-block-column-is-layout-flow\" style=\"background-color:#c00000\">\n&nbsp;\n\n\n\n<p class=\"has-text-align-center\"><strong>\u00a1REG\u00cdSTRATE!<\/strong><\/p>\n\n\n\n<p class=\"has-text-align-center\">Date de alta en nuestra web para&nbsp;<strong>consultar los precios<\/strong>&nbsp;y acceder a&nbsp;<strong>descuentos y promociones exclusivas<\/strong>&nbsp;pensadas especialmente para ti.<\/p>\n\n\n\n<div class=\"wp-block-buttons is-layout-flex wp-block-buttons-is-layout-flex\">\n<div class=\"wp-block-button aligncenter\"><a class=\"wp-block-button__link wp-element-button\" href=\"https:\/\/www.wurth.es\/customer\/account\/create\" target=\"_blank\" rel=\"noreferrer noopener\">Registrarme<\/a><\/div>\n<\/div>\n\n\n\n&nbsp;\n<\/div>\n<\/div>\n\n\n\n<h2 class=\"wp-block-heading\"><span class=\"ez-toc-section\" id=\"%c2%bfque_escalera_necesito\"><\/span>\u00bfQu\u00e9 escalera necesito?<span class=\"ez-toc-section-end\"><\/span><\/h2>\n\n\n\n<h3 class=\"wp-block-heading\">Material<\/h3>\n\n\n\n<p>Seg\u00fan el <strong>material de fabricaci\u00f3n<\/strong>, podemos discernir entre los siguientes tipos de escaleras:<\/p>\n\n\n\n<ul class=\"wp-block-list\">\n<li><strong>Escaleras de aluminio<\/strong>: Son ideales para realizar trabajos tanto en <strong>interior<\/strong> como en <strong>exterior<\/strong>. Su gran ventaja es la <strong>facilidad de transporte<\/strong> gracias a que son muy ligeras.<\/li>\n\n\n\n<li><strong>Escaleras de madera<\/strong>: Se trata de escaleras <strong>econ\u00f3micas<\/strong> y excelentes para realizar <strong>trabajos en interior<\/strong>.<\/li>\n\n\n\n<li><strong>Escaleras de fibra<\/strong>: Siempre que exista un <strong>riesgo el\u00e9ctrico<\/strong> tanto en interior como en exterior se recomienda el uso de escaleras de fibra de vidrio.<\/li>\n<\/ul>\n\n\n\n<h3 class=\"wp-block-heading\">Tipos de escaleras<\/h3>\n\n\n\n<p>En base a su forma, podemos encontrar los siguientes <strong>tipos de escaleras<\/strong>:<\/p>\n\n\n\n<ul class=\"wp-block-list\">\n<li><strong>Escaleras de apoyo<\/strong>: Son escaleras port\u00e1tiles de entre uno y tres tramos que requieren de un apoyo para sustentarse.<\/li>\n\n\n\n<li><strong>Escaleras de tijera<\/strong>: Se trata de un tipo de escalera autoestable gracias a los dos tramos de apoyo nivelados.<\/li>\n\n\n\n<li><strong>Escaleras transformables<\/strong>: Su nombre las define, y es que estas escaleras se pueden utilizar como escaleras de tijera, extensibles, de apoyo\u2026 Por lo tanto, se pueden adaptar seg\u00fan las necesitades de cada intervenci\u00f3n.<\/li>\n\n\n\n<li><strong>Escaleras extensibles<\/strong>: Son las m\u00e1s vers\u00e1tiles ya que se pueden usar en diferentes posiciones y alturas.<\/li>\n\n\n\n<li><strong>Escaleras de seguridad<\/strong>: Son aquellas que permiten realizar trabajos de forma segura en escenarios de riesgos a\u00f1adidos como el el\u00e9ctrico.<\/li>\n\n\n\n<li><strong>Escaleras telesc\u00f3picas<\/strong>: Las escaleras telesc\u00f3picas son un tipo de escalera que se puede extender o contraer para adaptarse a diferentes alturas. Est\u00e1n formadas por dos o m\u00e1s secciones de pelda\u00f1os que se deslizan dentro de la otra. Cada secci\u00f3n est\u00e1 equipada con un mecanismo de bloqueo que la mantiene en su lugar cuando est\u00e1 extendida.<\/li>\n<\/ul>\n\n\n\n<div class=\"wp-block-columns is-layout-flex wp-container-core-columns-is-layout-9d6595d7 wp-block-columns-is-layout-flex\">\n<div class=\"wp-block-column is-layout-flow wp-block-column-is-layout-flow\"><div class=\"wp-block-image\">\n<figure class=\"aligncenter size-full is-resized\"><img decoding=\"async\" src=\"https:\/\/www.wurth.es\/blog\/wp-content\/uploads\/2023\/09\/Escaleras-de-apoyo.jpg\" alt=\"Escaleras de apoyo\" class=\"wp-image-4709\" width=\"127\" height=\"225\" srcset=\"https:\/\/www.wurth.es\/blog\/wp-content\/uploads\/2023\/09\/Escaleras-de-apoyo.jpg 506w, https:\/\/www.wurth.es\/blog\/wp-content\/uploads\/2023\/09\/Escaleras-de-apoyo-169x300.jpg 169w\" sizes=\"(max-width: 127px) 100vw, 127px\" \/><\/figure>\n<\/div>\n\n\n<div class=\"wp-block-buttons is-layout-flex wp-block-buttons-is-layout-flex\">\n<div class=\"wp-block-button aligncenter\"><a class=\"wp-block-button__link wp-element-button\" href=\"https:\/\/www.wurth.es\/catalogo\/equipamiento-de-taller\/equipos-de-taller\/escaleras-y-escalones\/escalera-de-descenso\" target=\"_blank\" rel=\"noreferrer noopener\">Ver Escalera de Apoyo<\/a><\/div>\n<\/div>\n<\/div>\n\n\n\n<div class=\"wp-block-column is-layout-flow wp-block-column-is-layout-flow\"><div class=\"wp-block-image\">\n<figure class=\"aligncenter size-full is-resized\"><img decoding=\"async\" src=\"https:\/\/www.wurth.es\/blog\/wp-content\/uploads\/2023\/09\/Escaleras-de-tijera.jpg\" alt=\"Escaleras de Tijera\" class=\"wp-image-4710\" width=\"127\" height=\"225\" srcset=\"https:\/\/www.wurth.es\/blog\/wp-content\/uploads\/2023\/09\/Escaleras-de-tijera.jpg 506w, https:\/\/www.wurth.es\/blog\/wp-content\/uploads\/2023\/09\/Escaleras-de-tijera-169x300.jpg 169w\" sizes=\"(max-width: 127px) 100vw, 127px\" \/><\/figure>\n<\/div>\n\n\n<div class=\"wp-block-buttons is-layout-flex wp-block-buttons-is-layout-flex\">\n<div class=\"wp-block-button aligncenter\"><a class=\"wp-block-button__link wp-element-button\" href=\"https:\/\/www.wurth.es\/catalogo\/equipamiento-de-taller\/equipos-de-taller\/escaleras-y-escalones\/escalera-de-tijera\" target=\"_blank\" rel=\"noreferrer noopener\">Ver Escaleras de Tijera<\/a><\/div>\n<\/div>\n<\/div>\n\n\n\n<div class=\"wp-block-column is-layout-flow wp-block-column-is-layout-flow\"><div class=\"wp-block-image\">\n<figure class=\"aligncenter size-full is-resized\"><img loading=\"lazy\" decoding=\"async\" src=\"https:\/\/www.wurth.es\/blog\/wp-content\/uploads\/2023\/09\/Escaleras-transformables.jpg\" alt=\"\" class=\"wp-image-4713\" width=\"127\" height=\"225\" srcset=\"https:\/\/www.wurth.es\/blog\/wp-content\/uploads\/2023\/09\/Escaleras-transformables.jpg 506w, https:\/\/www.wurth.es\/blog\/wp-content\/uploads\/2023\/09\/Escaleras-transformables-169x300.jpg 169w\" sizes=\"(max-width: 127px) 100vw, 127px\" \/><\/figure>\n<\/div>\n\n\n<div class=\"wp-block-buttons is-layout-flex wp-block-buttons-is-layout-flex\">\n<div class=\"wp-block-button\"><a class=\"wp-block-button__link wp-element-button\" href=\"https:\/\/www.wurth.es\/catalogo\/equipamiento-de-taller\/equipos-de-taller\/escaleras-y-escalones\/escalera-multiusos\" target=\"_blank\" rel=\"noreferrer noopener\">Ver Escaleras Transformables<\/a><\/div>\n<\/div>\n<\/div>\n<\/div>\n\n\n\n<div class=\"wp-block-columns is-layout-flex wp-container-core-columns-is-layout-9d6595d7 wp-block-columns-is-layout-flex\">\n<div class=\"wp-block-column is-layout-flow wp-block-column-is-layout-flow\"><div class=\"wp-block-image\">\n<figure class=\"aligncenter size-full is-resized\"><img loading=\"lazy\" decoding=\"async\" src=\"https:\/\/www.wurth.es\/blog\/wp-content\/uploads\/2023\/09\/Escaleras-extensibles.jpg\" alt=\"\" class=\"wp-image-4716\" width=\"150\" height=\"225\" srcset=\"https:\/\/www.wurth.es\/blog\/wp-content\/uploads\/2023\/09\/Escaleras-extensibles.jpg 600w, https:\/\/www.wurth.es\/blog\/wp-content\/uploads\/2023\/09\/Escaleras-extensibles-200x300.jpg 200w\" sizes=\"(max-width: 150px) 100vw, 150px\" \/><\/figure>\n<\/div>\n\n\n<div class=\"wp-block-buttons is-layout-flex wp-block-buttons-is-layout-flex\">\n<div class=\"wp-block-button aligncenter\"><a class=\"wp-block-button__link wp-element-button\" href=\"https:\/\/www.wurth.es\/catalogo\/equipamiento-de-taller\/equipos-de-taller\/escaleras-y-escalones\/escalera-extensible\" target=\"_blank\" rel=\"noreferrer noopener\">Ver Escaleras Extensibles<\/a><\/div>\n<\/div>\n<\/div>\n\n\n\n<div class=\"wp-block-column is-layout-flow wp-block-column-is-layout-flow\"><div class=\"wp-block-image\">\n<figure class=\"aligncenter size-full is-resized\"><img loading=\"lazy\" decoding=\"async\" src=\"https:\/\/www.wurth.es\/blog\/wp-content\/uploads\/2023\/09\/Escaleras-de-seguridad.jpg\" alt=\"\" class=\"wp-image-4717\" width=\"107\" height=\"225\" srcset=\"https:\/\/www.wurth.es\/blog\/wp-content\/uploads\/2023\/09\/Escaleras-de-seguridad.jpg 427w, https:\/\/www.wurth.es\/blog\/wp-content\/uploads\/2023\/09\/Escaleras-de-seguridad-142x300.jpg 142w\" sizes=\"(max-width: 107px) 100vw, 107px\" \/><\/figure>\n<\/div>\n\n\n<div class=\"wp-block-buttons is-layout-flex wp-block-buttons-is-layout-flex\">\n<div class=\"wp-block-button aligncenter\"><a class=\"wp-block-button__link wp-element-button\" href=\"https:\/\/www.wurth.es\/catalogo\/equipamiento-de-taller\/equipos-de-taller\/escaleras-y-escalones\/escalera-multiusos\" target=\"_blank\" rel=\"noreferrer noopener\">Ver Escaleras de Seguridad<\/a><\/div>\n<\/div>\n<\/div>\n\n\n\n<div class=\"wp-block-column is-layout-flow wp-block-column-is-layout-flow\"><div class=\"wp-block-image\">\n<figure class=\"aligncenter size-full is-resized\"><img loading=\"lazy\" decoding=\"async\" src=\"https:\/\/www.wurth.es\/blog\/wp-content\/uploads\/2023\/09\/Escaleras-telescopicas.jpg\" alt=\"\" class=\"wp-image-4718\" width=\"225\" height=\"225\" srcset=\"https:\/\/www.wurth.es\/blog\/wp-content\/uploads\/2023\/09\/Escaleras-telescopicas.jpg 900w, https:\/\/www.wurth.es\/blog\/wp-content\/uploads\/2023\/09\/Escaleras-telescopicas-300x300.jpg 300w, https:\/\/www.wurth.es\/blog\/wp-content\/uploads\/2023\/09\/Escaleras-telescopicas-150x150.jpg 150w, https:\/\/www.wurth.es\/blog\/wp-content\/uploads\/2023\/09\/Escaleras-telescopicas-768x768.jpg 768w\" sizes=\"(max-width: 225px) 100vw, 225px\" \/><\/figure>\n<\/div>\n\n\n<div class=\"wp-block-buttons is-layout-flex wp-block-buttons-is-layout-flex\">\n<div class=\"wp-block-button aligncenter\"><a class=\"wp-block-button__link wp-element-button\" href=\"https:\/\/www.wurth.es\/catalogo\/equipamiento-de-taller\/equipos-de-taller\/escaleras-y-escalones\/escalera-telescopica\" target=\"_blank\" rel=\"noreferrer noopener\">Ver Escaleras Telesc\u00f3picas<\/a><\/div>\n<\/div>\n<\/div>\n<\/div>\n\n\n\n<h3 class=\"wp-block-heading\">Altura<\/h3>\n\n\n\n<p>Se debe escoger la <strong>altura<\/strong> de la escalera que se desea en funci\u00f3n del trabajo a realizar. Al seleccionar la longitud deberemos tener en cuenta:<\/p>\n\n\n\n<ul class=\"wp-block-list\">\n<li>Solo se debe usar <strong>hasta el cuarto pelda\u00f1o<\/strong> superior en las <strong>escaleras de apoyo<\/strong> que no dispongan de seguridad adicional.<\/li>\n\n\n\n<li>Solo se deber usar <strong>hasta el tercer pelda\u00f1o<\/strong> superior en las <strong>escaleras de tijera<\/strong>.<\/li>\n\n\n\n<li>Las escaleras de uso general <strong>con tramo extensible<\/strong> solo se deben usar <strong>hasta el quinto pelda\u00f1o<\/strong> superior.<\/li>\n<\/ul>\n\n\n\n<h4 class=\"wp-block-heading\">Alturas de la escalera<\/h4>\n\n\n\n<ul class=\"wp-block-list\">\n<li>Altura de posici\u00f3n: Consultar en la ficha t\u00e9cnica.<\/li>\n\n\n\n<li>Altura de trabajo = altura de posici\u00f3n + 1,50 m.<\/li>\n\n\n\n<li>Altura de alcance = altura de posici\u00f3n + 2,00 m.<\/li>\n<\/ul>\n\n\n\n<h2 class=\"wp-block-heading\"><span class=\"ez-toc-section\" id=\"normativa_de_escaleras_de_trabajo\"><\/span>Normativa de escaleras de trabajo<span class=\"ez-toc-section-end\"><\/span><\/h2>\n\n\n\n<p>Las escaleras de trabajo est\u00e1n sujetas a su <strong>normativa<\/strong> espec\u00edfica para garantizar la seguridad laboral durante su uso. A continuaci\u00f3n veremos varias de dichas normativas.<\/p>\n\n\n\n<h3 class=\"wp-block-heading\">EN 14183 \u2013 Taburetes y pelda\u00f1os<\/h3>\n\n\n\n<p>La <strong>Norma Europea EN 14183<\/strong> especifica los requisitos para taburetes de pelda\u00f1os, gradillas y taburetes tipo c\u00fapula e incluye las caracter\u00edsticas de dise\u00f1o, dimensiones, materiales, requisitos de funcionamiento, m\u00e9todos de ensayo y la declaraci\u00f3n de conformidad de uso.<\/p>\n\n\n\n<p>Los requisitos de esta se basan en una <strong>carga m\u00e1xima de 150 kg<\/strong>.<\/p>\n\n\n\n<p>Esta norma excluye las escaleras y escaleras de tijera definidas en la parte 1 de la <strong>Norma EN 131<\/strong>.<\/p>\n\n\n<div class=\"wp-block-image\">\n<figure class=\"aligncenter size-full is-resized\"><img decoding=\"async\" src=\"https:\/\/www.wurth.es\/blog\/wp-content\/uploads\/2023\/09\/Tipos-de-escaleras-de-trabajo-edited.jpg\" alt=\"Tipos de escaleras de trabajo\" class=\"wp-image-4727\" width=\"600\" srcset=\"https:\/\/www.wurth.es\/blog\/wp-content\/uploads\/2023\/09\/Tipos-de-escaleras-de-trabajo-edited.jpg 800w, https:\/\/www.wurth.es\/blog\/wp-content\/uploads\/2023\/09\/Tipos-de-escaleras-de-trabajo-edited-300x169.jpg 300w, https:\/\/www.wurth.es\/blog\/wp-content\/uploads\/2023\/09\/Tipos-de-escaleras-de-trabajo-edited-768x432.jpg 768w\" sizes=\"(max-width: 800px) 100vw, 800px\" \/><\/figure>\n<\/div>\n\n\n<h3 class=\"wp-block-heading\">EN 131 \u2013 Norma Europea sobre Escaleras<\/h3>\n\n\n\n<p>La <strong>norma EN 131<\/strong>, elaborada por el <a href=\"https:\/\/www.cencenelec.eu\/about-cen\/\" target=\"_blank\" rel=\"noreferrer noopener nofollow\">Comit\u00e9 Europeo de Normalizaci\u00f3n CEN\/CENELEC<\/a>, especifica los requisitos para las escaleras e incluye la tipolog\u00eda, las caracter\u00edsticas de dise\u00f1o, dimensiones, materiales, requisitos t\u00e9cnicos, informaci\u00f3n de marcado, etc.<\/p>\n\n\n\n<p>La norma europea <strong>EN 131<\/strong> establece criterios de m\u00ednimos y m\u00e1ximos que las caracter\u00edsticas de las escaleras deben cumplir. Debemos enfatizar que la etiqueta \u201cEN 131\u201d podr\u00e1 aparecer en el marcado de una escalera en particular solamente si todos los requisitos de la norma aplicables a ese tipo de escalera se cumplen.<\/p>\n\n\n\n<p>Todas las <strong>escaleras W\u00fcrth<\/strong>, teniendo en cuenta los tipos de escalera y la\/s partes\/s de la norma aplicable\/s, <strong>cumplen de manera rigurosa con todos los requerimientos de la norma EN 131<\/strong>.<\/p>\n\n\n\n<h4 class=\"wp-block-heading\"><strong>Generalidades de la norma EN 131<\/strong><\/h4>\n\n\n\n<ul class=\"wp-block-list\">\n<li>La carga no puede superar los <strong>150 kg<\/strong> incluidas las herramientas. Adem\u00e1s, solo est\u00e1 permitida la utilizaci\u00f3n por una sola persona al mismo tiempo.<\/li>\n\n\n\n<li>La norma EN 131 <strong>no es aplicable<\/strong> a los taburetes de pelda\u00f1os a los que se les aplica la norma EN 14183.<\/li>\n\n\n\n<li>La <strong>profundidad del pelda\u00f1o<\/strong> debe ser como m\u00ednimo de <strong>20 mm<\/strong>.<\/li>\n\n\n\n<li>Al <strong>soporte de ascenso<\/strong> con superficie igual o superior a 80 mm se le llama t\u00e9cnicamente \u201cescal\u00f3n\u201d aunque comercialmente se le suele llamar \u201cpelda\u00f1o ancho\u201d. Al soporte de ascenso inferior a 80 mm no se le puede llamar de esta manera.<\/li>\n\n\n\n<li>La <strong>distancia entre pelda\u00f1os<\/strong> o escalones debe ser uniforme con una desviaci\u00f3n permitida de \u00b12 mm.<\/li>\n<\/ul>\n\n\n\n<div class=\"wp-block-columns is-layout-flex wp-container-core-columns-is-layout-9d6595d7 wp-block-columns-is-layout-flex\">\n<div class=\"wp-block-column has-white-color has-text-color has-background is-layout-flow wp-block-column-is-layout-flow\" style=\"background-color:#c00000\">\n&nbsp;\n\n\n\n<p class=\"has-text-align-center\"><strong>\u00a1REG\u00cdSTRATE!<\/strong><\/p>\n\n\n\n<p class=\"has-text-align-center\">Date de alta en nuestra web para&nbsp;<strong>consultar los precios<\/strong>&nbsp;y acceder a&nbsp;<strong>descuentos y promociones exclusivas<\/strong>&nbsp;pensadas especialmente para ti.<\/p>\n\n\n\n<div class=\"wp-block-buttons is-layout-flex wp-block-buttons-is-layout-flex\">\n<div class=\"wp-block-button aligncenter\"><a class=\"wp-block-button__link wp-element-button\" href=\"https:\/\/www.wurth.es\/customer\/account\/create\" target=\"_blank\" rel=\"noreferrer noopener\">Registrarme<\/a><\/div>\n<\/div>\n\n\n\n&nbsp;\n<\/div>\n<\/div>\n\n\n\n<p>La norma EN 131 sobre escaleras se compone <strong>principalmente<\/strong> de las siguientes partes:<\/p>\n\n\n\n<ul class=\"wp-block-list\">\n<li><strong>En 131-1<\/strong>: Tipolog\u00eda, nomenclatura y medidas de las escaleras. Seg\u00fan la versi\u00f3n de la norma DIN EN 131-1:2016-02, las escaleras de apoyo con longitud a partir de 3 metros, deben suministrarse con un travesa\u00f1o de apoyo en la parte inferior.<\/li>\n\n\n\n<li><strong>EN 131-2<\/strong>: Requisitos t\u00e9cnicos, tests y marcado de las escaleras.<\/li>\n\n\n\n<li><strong>EN 131-3<\/strong>: Informaci\u00f3n sobre el marcado, instrucciones de uso y mantenimiento para el usuario.<\/li>\n\n\n\n<li><strong>EN 131-4<\/strong>: Escaleras articuladas con bisagras.<\/li>\n\n\n\n<li><strong>EN 131-6<\/strong>: Escaleras telesc\u00f3picas.<\/li>\n\n\n\n<li><strong>EN 131-7<\/strong>: Escaleras m\u00f3viles con plataforma.<\/li>\n<\/ul>\n\n\n\n<h3 class=\"wp-block-heading\">EN 61478 \u2013 Norma Europea sobre escaleras de material aislante<\/h3>\n\n\n\n<p>La norma <strong>UNE-EN 61478<\/strong> es aplicable a escaleras completamente <strong>aislantes<\/strong> y con extensiones o a escaleras compuestas de una combinaci\u00f3n de secciones, conductoras y aislantes y que sean usadas para <strong>trabajos en tensi\u00f3n<\/strong> (en instalaciones de corriente alterna o corriente continua). La tensi\u00f3n nominal es de <strong>1.000V<\/strong> a superior para corriente alterna y de <strong>1.500V<\/strong> o superior para corriente continua. Esta normativa solo se aplica a las escaleras hechas de <strong>material sint\u00e9tico<\/strong>.<\/p>\n\n\n\n<p>Estas escaleras son usadas para proporcionar acceso, generalmente a tendidos el\u00e9ctricos a\u00e9reos, y para facilitar los trabajos en tensi\u00f3n, ya sea a distancia, a potencial, o a una combinaci\u00f3n de ambos.<\/p>\n\n\n<div class=\"wp-block-image\">\n<figure class=\"aligncenter size-full is-resized\"><img loading=\"lazy\" decoding=\"async\" src=\"https:\/\/www.wurth.es\/blog\/wp-content\/uploads\/2023\/09\/Tipos-de-Escaleras-Industriales-edited.jpg\" alt=\"Escaleras de trabajo W\u00fcrth\" class=\"wp-image-4725\" width=\"600\" height=\"375\" srcset=\"https:\/\/www.wurth.es\/blog\/wp-content\/uploads\/2023\/09\/Tipos-de-Escaleras-Industriales-edited.jpg 800w, https:\/\/www.wurth.es\/blog\/wp-content\/uploads\/2023\/09\/Tipos-de-Escaleras-Industriales-edited-300x188.jpg 300w, https:\/\/www.wurth.es\/blog\/wp-content\/uploads\/2023\/09\/Tipos-de-Escaleras-Industriales-edited-768x480.jpg 768w, https:\/\/www.wurth.es\/blog\/wp-content\/uploads\/2023\/09\/Tipos-de-Escaleras-Industriales-edited-400x250.jpg 400w\" sizes=\"(max-width: 600px) 100vw, 600px\" \/><\/figure>\n<\/div>\n\n\n<h3 class=\"wp-block-heading\">EN 1004 \u2013 Norma Europea sobre torres de acceso y torres de trabajo m\u00f3viles construidas con elementos prefabricados<\/h3>\n\n\n\n<p>La norma <strong>UNE-EN 1004<\/strong> es aplicable al dise\u00f1o de torres de acceso y de trabajo m\u00f3viles construidas con elementos prefabricados con una altura de 2,5 a 12,5 m (interiores) y de 2,5 m a 8,0 m (exteriores).<\/p>\n\n\n\n<p>Esta norma:<\/p>\n\n\n\n<ul class=\"wp-block-list\">\n<li>Proporciona las <strong>directrices<\/strong> para la elecci\u00f3n de las dimensiones principales y de los m\u00e9todos de estabilizaci\u00f3n.<\/li>\n\n\n\n<li>Proporciona los <strong>requisitos de seguridad<\/strong> y de comportamiento.<\/li>\n\n\n\n<li>Proporciona <strong>informaci\u00f3n<\/strong> sobre las torres completas.<\/li>\n<\/ul>\n\n\n\n<hr class=\"wp-block-separator has-alpha-channel-opacity is-style-wide\"\/>\n\n\n\n<p>A modo de <strong>s\u00edntesis<\/strong>, a lo largo de esta publicaci\u00f3n hemos visto los <strong>tipos de escaleras<\/strong> existentes, <strong>c\u00f3mo elegirlas<\/strong> de acuerdo con las necesidades de intervenci\u00f3n y las <strong>normativas<\/strong> a las cuales est\u00e1n sujetas. Para cualquier consulta, no dudes en <a href=\"mailto:productos@wurth.es\">ponerte en contacto con nosotros<\/a>. \u00a1Estaremos encantados de atenderte!<\/p>\n\n\n\n<hr class=\"wp-block-separator has-alpha-channel-opacity is-style-dots\"\/>\n\n\n<div style=\"background-color:#c00000;\" class=\"wp-block-post-author has-text-color has-white-color has-background has-medium-font-size\"><div class=\"wp-block-post-author__avatar\"><img alt='' src='https:\/\/secure.gravatar.com\/avatar\/c26fc8bce3d292bd93b94d000c4f49936f4a5eb8434f2a101cfe496fa7ebc494?s=96&#038;d=mm&#038;r=g' srcset='https:\/\/secure.gravatar.com\/avatar\/c26fc8bce3d292bd93b94d000c4f49936f4a5eb8434f2a101cfe496fa7ebc494?s=192&#038;d=mm&#038;r=g 2x' class='avatar avatar-96 photo' height='96' width='96' \/><\/div><div class=\"wp-block-post-author__content\"><p class=\"wp-block-post-author__byline\">Sobre el autor<\/p><p class=\"wp-block-post-author__name\">Adri\u00e1n M\u00edguez<\/p><p class=\"wp-block-post-author__bio\">Team Leader Search Engine Marketing, Digital Analytics &amp; Social Media<\/p><\/div><\/div>","protected":false},"excerpt":{"rendered":"<p>Si te interesan los tipos de escaleras, tambi\u00e9n te puede interesar: &nbsp; Las escaleras son&#8230;<\/p>\n","protected":false},"author":3,"featured_media":4723,"comment_status":"closed","ping_status":"open","sticky":false,"template":"","format":"standard","meta":{"footnotes":""},"categories":[7,1,2,6,5,8,144,4],"tags":[141,151],"class_list":["post-4707","post","type-post","status-publish","format-standard","has-post-thumbnail","hentry","category-instaladores","category-automocion","category-cargo","category-construccion","category-madera","category-mantenimiento","category-maritimo","category-metal","tag-publicaciones-home","tag-seguridad-y-salud"],"_links":{"self":[{"href":"https:\/\/www.wurth.es\/blog\/wp-json\/wp\/v2\/posts\/4707","targetHints":{"allow":["GET"]}}],"collection":[{"href":"https:\/\/www.wurth.es\/blog\/wp-json\/wp\/v2\/posts"}],"about":[{"href":"https:\/\/www.wurth.es\/blog\/wp-json\/wp\/v2\/types\/post"}],"author":[{"embeddable":true,"href":"https:\/\/www.wurth.es\/blog\/wp-json\/wp\/v2\/users\/3"}],"replies":[{"embeddable":true,"href":"https:\/\/www.wurth.es\/blog\/wp-json\/wp\/v2\/comments?post=4707"}],"version-history":[{"count":16,"href":"https:\/\/www.wurth.es\/blog\/wp-json\/wp\/v2\/posts\/4707\/revisions"}],"predecessor-version":[{"id":4736,"href":"https:\/\/www.wurth.es\/blog\/wp-json\/wp\/v2\/posts\/4707\/revisions\/4736"}],"wp:featuredmedia":[{"embeddable":true,"href":"https:\/\/www.wurth.es\/blog\/wp-json\/wp\/v2\/media\/4723"}],"wp:attachment":[{"href":"https:\/\/www.wurth.es\/blog\/wp-json\/wp\/v2\/media?parent=4707"}],"wp:term":[{"taxonomy":"category","embeddable":true,"href":"https:\/\/www.wurth.es\/blog\/wp-json\/wp\/v2\/categories?post=4707"},{"taxonomy":"post_tag","embeddable":true,"href":"https:\/\/www.wurth.es\/blog\/wp-json\/wp\/v2\/tags?post=4707"}],"curies":[{"name":"wp","href":"https:\/\/api.w.org\/{rel}","templated":true}]}}