{"id":4006,"date":"2023-03-03T09:01:00","date_gmt":"2023-03-03T09:01:00","guid":{"rendered":"https:\/\/www.wurth.es\/blog\/?p=4006"},"modified":"2023-03-16T09:02:57","modified_gmt":"2023-03-16T09:02:57","slug":"formacion-departamento-ingenieria","status":"publish","type":"post","link":"https:\/\/www.wurth.es\/blog\/formacion-departamento-ingenieria\/","title":{"rendered":"W\u00fcrth Espa\u00f1a, implicados en la formaci\u00f3n de futuros arquitectos"},"content":{"rendered":"<div id=\"ez-toc-container\" class=\"ez-toc-v2_0_79_2 ez-toc-wrap-center counter-hierarchy ez-toc-counter ez-toc-custom ez-toc-container-direction\">\n<div class=\"ez-toc-title-container\">\n<p class=\"ez-toc-title\" style=\"cursor:inherit\">Tabla de contenidos:<\/p>\n<span class=\"ez-toc-title-toggle\"><a href=\"#\" class=\"ez-toc-pull-right ez-toc-btn ez-toc-btn-xs ez-toc-btn-default ez-toc-toggle\" aria-label=\"Alternar tabla de contenidos\"><span class=\"ez-toc-js-icon-con\"><span class=\"\"><span class=\"eztoc-hide\" style=\"display:none;\">Toggle<\/span><span class=\"ez-toc-icon-toggle-span\"><svg style=\"fill: #c00000;color:#c00000\" xmlns=\"http:\/\/www.w3.org\/2000\/svg\" class=\"list-377408\" width=\"20px\" height=\"20px\" viewBox=\"0 0 24 24\" fill=\"none\"><path d=\"M6 6H4v2h2V6zm14 0H8v2h12V6zM4 11h2v2H4v-2zm16 0H8v2h12v-2zM4 16h2v2H4v-2zm16 0H8v2h12v-2z\" fill=\"currentColor\"><\/path><\/svg><svg style=\"fill: #c00000;color:#c00000\" class=\"arrow-unsorted-368013\" xmlns=\"http:\/\/www.w3.org\/2000\/svg\" width=\"10px\" height=\"10px\" viewBox=\"0 0 24 24\" version=\"1.2\" baseProfile=\"tiny\"><path d=\"M18.2 9.3l-6.2-6.3-6.2 6.3c-.2.2-.3.4-.3.7s.1.5.3.7c.2.2.4.3.7.3h11c.3 0 .5-.1.7-.3.2-.2.3-.5.3-.7s-.1-.5-.3-.7zM5.8 14.7l6.2 6.3 6.2-6.3c.2-.2.3-.5.3-.7s-.1-.5-.3-.7c-.2-.2-.4-.3-.7-.3h-11c-.3 0-.5.1-.7.3-.2.2-.3.5-.3.7s.1.5.3.7z\"\/><\/svg><\/span><\/span><\/span><\/a><\/span><\/div>\n<nav><ul class='ez-toc-list ez-toc-list-level-1 ' ><li class='ez-toc-page-1 ez-toc-heading-level-2'><a class=\"ez-toc-link ez-toc-heading-1\" href=\"https:\/\/www.wurth.es\/blog\/formacion-departamento-ingenieria\/#%c2%bfte_interesaria_recibir_formacion_de_wurth_espana_en_ingenieria_y_arquitectura\" >\u00bfTe interesar\u00eda recibir formaci\u00f3n de W\u00fcrth Espa\u00f1a en ingenier\u00eda y arquitectura?<\/a><\/li><\/ul><\/nav><\/div>\n\n<p>Las \u00faltimas <strong>novedades<\/strong> en cuanto a materiales, normativas y demandas deben estar presentes en la <strong>formaci\u00f3n<\/strong> de los futuros arquitectos e ingenieros. Por este motivo, desde el <strong>Departamento de Ingenier\u00eda<\/strong> de W\u00fcrth Espa\u00f1a estamos totalmente implicados con su formaci\u00f3n.<\/p>\n\n\n\n<p>Desde hace <strong>m\u00e1s de 5 a\u00f1os<\/strong> colaboramos con diversas entidades formativas como universidades, colegios e institutos para acercar a los alumnos <strong>la realidad de este oficio<\/strong> y proporcionarles una <strong>combinaci\u00f3n de teor\u00eda y pr\u00e1ctica<\/strong>, a la vez que <strong>motivarlos<\/strong> para dedicarse a esta magn\u00edfica profesi\u00f3n en un futuro pr\u00f3ximo.<\/p>\n\n\n\n<p>Un ejemplo de ello es la colaboraci\u00f3n de W\u00fcrth Espa\u00f1a con la <strong>Universidad de Granada<\/strong> de la mano de nuestro compa\u00f1ero y arquitecto Sergio Bayonas, quien el pasado octubre de 2022 particip\u00f3, <strong>por 5\u00ba a\u00f1o consecutivo<\/strong>, en la realizaci\u00f3n de <strong>formaciones te\u00f3ricas y pr\u00e1cticas<\/strong> para los estudiantes de dicha universidad.<\/p>\n\n\n<div class=\"wp-block-image\">\n<figure class=\"aligncenter size-full\"><img fetchpriority=\"high\" decoding=\"async\" width=\"1024\" height=\"577\" src=\"https:\/\/www.wurth.es\/blog\/wp-content\/uploads\/2023\/03\/0.jpeg\" alt=\"W\u00fcrth, con la formaci\u00f3n de futuros arquitectos e ingenieros\" class=\"wp-image-4007\" srcset=\"https:\/\/www.wurth.es\/blog\/wp-content\/uploads\/2023\/03\/0.jpeg 1024w, https:\/\/www.wurth.es\/blog\/wp-content\/uploads\/2023\/03\/0-300x169.jpeg 300w, https:\/\/www.wurth.es\/blog\/wp-content\/uploads\/2023\/03\/0-768x433.jpeg 768w\" sizes=\"(max-width: 1024px) 100vw, 1024px\" \/><figcaption class=\"wp-element-caption\">Formaci\u00f3n en la Universidad de Granada<\/figcaption><\/figure>\n<\/div>\n\n\n<p>En esta sesi\u00f3n, llevada a cabo en el Aula M\u00e1ster de la universidad, nuestro compa\u00f1ero aun\u00f3 los <strong>c\u00e1lculos te\u00f3ricos<\/strong> con la <strong>pr\u00e1ctica<\/strong>, impartiendo tambi\u00e9n materia en anclajes y aislamientos t\u00e9rmicos reflexivos (dos especialidades de W\u00fcrth Espa\u00f1a), herramientas para calcular, realizaci\u00f3n de c\u00e1lculos pr\u00e1cticos, ensayos y colocaci\u00f3n de materiales. De esta manera, se acerca al alumnado a la ejecuci\u00f3n de un proyecto real.<\/p>\n\n\n\n<p>Esperamos con <strong>entusiasmo<\/strong> encontrarnos de nuevo este 2023 con la Universidad de Granada <strong>por 6\u00ba a\u00f1o consecutivo<\/strong> para seguir colaborando en la <strong>formaci\u00f3n de futuros arquitectos e ingenieros<\/strong>.<\/p>\n\n\n\n<div class=\"wp-block-columns is-layout-flex wp-container-core-columns-is-layout-9d6595d7 wp-block-columns-is-layout-flex\">\n<div class=\"wp-block-column is-layout-flow wp-block-column-is-layout-flow\"><div class=\"wp-block-image\">\n<figure class=\"aligncenter size-full is-resized\"><img decoding=\"async\" src=\"https:\/\/www.wurth.es\/blog\/wp-content\/uploads\/2023\/03\/5.jpg\" alt=\"Formaci\u00f3n W\u00fcrth para entidades formativas\" class=\"wp-image-4008\" width=\"-31\" height=\"-42\" srcset=\"https:\/\/www.wurth.es\/blog\/wp-content\/uploads\/2023\/03\/5.jpg 574w, https:\/\/www.wurth.es\/blog\/wp-content\/uploads\/2023\/03\/5-214x300.jpg 214w\" sizes=\"(max-width: 574px) 100vw, 574px\" \/><figcaption class=\"wp-element-caption\">Formaci\u00f3n en materia de anclajes<\/figcaption><\/figure>\n<\/div><\/div>\n\n\n\n<div class=\"wp-block-column is-layout-flow wp-block-column-is-layout-flow\"><div class=\"wp-block-image\">\n<figure class=\"aligncenter size-full is-resized\"><img decoding=\"async\" src=\"https:\/\/www.wurth.es\/blog\/wp-content\/uploads\/2023\/03\/4.jpg\" alt=\"\" class=\"wp-image-4009\" width=\"377\" height=\"690\" srcset=\"https:\/\/www.wurth.es\/blog\/wp-content\/uploads\/2023\/03\/4.jpg 343w, https:\/\/www.wurth.es\/blog\/wp-content\/uploads\/2023\/03\/4-164x300.jpg 164w\" sizes=\"(max-width: 377px) 100vw, 377px\" \/><figcaption class=\"wp-element-caption\">Ejemplo de anclaje durante la formaci\u00f3n<\/figcaption><\/figure>\n<\/div><\/div>\n<\/div>\n\n\n\n<p>Esperamos con <strong>entusiasmo<\/strong> encontrarnos de nuevo este 2023 con la Universidad de Granada <strong>por 6\u00ba a\u00f1o consecutivo<\/strong> para seguir colaborando en la <strong>formaci\u00f3n de futuros arquitectos e ingenieros<\/strong>.<\/p>\n\n\n\n<h2 class=\"wp-block-heading\"><span class=\"ez-toc-section\" id=\"%c2%bfte_interesaria_recibir_formacion_de_wurth_espana_en_ingenieria_y_arquitectura\"><\/span><strong>\u00bfTe interesar\u00eda recibir formaci\u00f3n de W\u00fcrth Espa\u00f1a en ingenier\u00eda y arquitectura?<\/strong><span class=\"ez-toc-section-end\"><\/span><\/h2>\n\n\n\n<p>Si formas parte de una <strong>entidad formativa<\/strong> y te interesa colaborar con W\u00fcrth Espa\u00f1a para la <strong>formaci\u00f3n de futuros ingenieros y arquitectos<\/strong>, puedes obtener m\u00e1s informaci\u00f3n <strong>contactando<\/strong> con el Departamento de Ingenier\u00eda.<\/p>\n\n\n\n<div class=\"wp-block-buttons is-layout-flex wp-block-buttons-is-layout-flex\">\n<div class=\"wp-block-button aligncenter\"><a class=\"wp-block-button__link wp-element-button\" href=\"https:\/\/www.wurth.es\/departamento-ingenieria\" target=\"_blank\" rel=\"noreferrer noopener\">Contactar con el Departamento de Ingenier\u00eda<\/a><\/div>\n<\/div>\n\n\n\n&nbsp;\n\n\n<div style=\"background-color:#c00000;\" class=\"wp-block-post-author has-text-color has-white-color has-background has-medium-font-size\"><div class=\"wp-block-post-author__avatar\"><img alt='' src='https:\/\/secure.gravatar.com\/avatar\/c26fc8bce3d292bd93b94d000c4f49936f4a5eb8434f2a101cfe496fa7ebc494?s=96&#038;d=mm&#038;r=g' srcset='https:\/\/secure.gravatar.com\/avatar\/c26fc8bce3d292bd93b94d000c4f49936f4a5eb8434f2a101cfe496fa7ebc494?s=192&#038;d=mm&#038;r=g 2x' class='avatar avatar-96 photo' height='96' width='96' \/><\/div><div class=\"wp-block-post-author__content\"><p class=\"wp-block-post-author__byline\">Sobre la autora<\/p><p class=\"wp-block-post-author__name\">Adri\u00e1n M\u00edguez<\/p><p class=\"wp-block-post-author__bio\">Team Leader Search Engine Marketing, Digital Analytics &amp; Social Media<\/p><\/div><\/div>","protected":false},"excerpt":{"rendered":"<p>Las \u00faltimas novedades en cuanto a materiales, normativas y demandas deben estar presentes en la&#8230;<\/p>\n","protected":false},"author":3,"featured_media":4007,"comment_status":"closed","ping_status":"open","sticky":false,"template":"","format":"standard","meta":{"footnotes":""},"categories":[140],"tags":[145],"class_list":["post-4006","post","type-post","status-publish","format-standard","has-post-thumbnail","hentry","category-noticias","tag-departamento-de-ingenieria"],"_links":{"self":[{"href":"https:\/\/www.wurth.es\/blog\/wp-json\/wp\/v2\/posts\/4006","targetHints":{"allow":["GET"]}}],"collection":[{"href":"https:\/\/www.wurth.es\/blog\/wp-json\/wp\/v2\/posts"}],"about":[{"href":"https:\/\/www.wurth.es\/blog\/wp-json\/wp\/v2\/types\/post"}],"author":[{"embeddable":true,"href":"https:\/\/www.wurth.es\/blog\/wp-json\/wp\/v2\/users\/3"}],"replies":[{"embeddable":true,"href":"https:\/\/www.wurth.es\/blog\/wp-json\/wp\/v2\/comments?post=4006"}],"version-history":[{"count":8,"href":"https:\/\/www.wurth.es\/blog\/wp-json\/wp\/v2\/posts\/4006\/revisions"}],"predecessor-version":[{"id":4018,"href":"https:\/\/www.wurth.es\/blog\/wp-json\/wp\/v2\/posts\/4006\/revisions\/4018"}],"wp:featuredmedia":[{"embeddable":true,"href":"https:\/\/www.wurth.es\/blog\/wp-json\/wp\/v2\/media\/4007"}],"wp:attachment":[{"href":"https:\/\/www.wurth.es\/blog\/wp-json\/wp\/v2\/media?parent=4006"}],"wp:term":[{"taxonomy":"category","embeddable":true,"href":"https:\/\/www.wurth.es\/blog\/wp-json\/wp\/v2\/categories?post=4006"},{"taxonomy":"post_tag","embeddable":true,"href":"https:\/\/www.wurth.es\/blog\/wp-json\/wp\/v2\/tags?post=4006"}],"curies":[{"name":"wp","href":"https:\/\/api.w.org\/{rel}","templated":true}]}}