{"id":2521,"date":"2022-12-15T12:07:36","date_gmt":"2022-12-15T12:07:36","guid":{"rendered":"https:\/\/www.wurth.es\/blog\/?p=2521"},"modified":"2026-03-06T11:23:19","modified_gmt":"2026-03-06T11:23:19","slug":"lana-de-roca-o-reflexivo","status":"publish","type":"post","link":"https:\/\/www.wurth.es\/blog\/lana-de-roca-o-reflexivo\/","title":{"rendered":"Qu\u00e9 aislamiento elegir, \u00bflana de roca o reflexivo?"},"content":{"rendered":"<div id=\"ez-toc-container\" class=\"ez-toc-v2_0_79_2 ez-toc-wrap-center counter-hierarchy ez-toc-counter ez-toc-custom ez-toc-container-direction\">\n<div class=\"ez-toc-title-container\">\n<p class=\"ez-toc-title\" style=\"cursor:inherit\">Tabla de contenidos:<\/p>\n<span class=\"ez-toc-title-toggle\"><a href=\"#\" class=\"ez-toc-pull-right ez-toc-btn ez-toc-btn-xs ez-toc-btn-default ez-toc-toggle\" aria-label=\"Alternar tabla de contenidos\"><span class=\"ez-toc-js-icon-con\"><span class=\"\"><span class=\"eztoc-hide\" style=\"display:none;\">Toggle<\/span><span class=\"ez-toc-icon-toggle-span\"><svg style=\"fill: #c00000;color:#c00000\" xmlns=\"http:\/\/www.w3.org\/2000\/svg\" class=\"list-377408\" width=\"20px\" height=\"20px\" viewBox=\"0 0 24 24\" fill=\"none\"><path d=\"M6 6H4v2h2V6zm14 0H8v2h12V6zM4 11h2v2H4v-2zm16 0H8v2h12v-2zM4 16h2v2H4v-2zm16 0H8v2h12v-2z\" fill=\"currentColor\"><\/path><\/svg><svg style=\"fill: #c00000;color:#c00000\" class=\"arrow-unsorted-368013\" xmlns=\"http:\/\/www.w3.org\/2000\/svg\" width=\"10px\" height=\"10px\" viewBox=\"0 0 24 24\" version=\"1.2\" baseProfile=\"tiny\"><path d=\"M18.2 9.3l-6.2-6.3-6.2 6.3c-.2.2-.3.4-.3.7s.1.5.3.7c.2.2.4.3.7.3h11c.3 0 .5-.1.7-.3.2-.2.3-.5.3-.7s-.1-.5-.3-.7zM5.8 14.7l6.2 6.3 6.2-6.3c.2-.2.3-.5.3-.7s-.1-.5-.3-.7c-.2-.2-.4-.3-.7-.3h-11c-.3 0-.5.1-.7.3-.2.2-.3.5-.3.7s.1.5.3.7z\"\/><\/svg><\/span><\/span><\/span><\/a><\/span><\/div>\n<nav><ul class='ez-toc-list ez-toc-list-level-1 ' ><li class='ez-toc-page-1 ez-toc-heading-level-2'><a class=\"ez-toc-link ez-toc-heading-1\" href=\"https:\/\/www.wurth.es\/blog\/lana-de-roca-o-reflexivo\/#%c2%bflana_de_roca_o_reflexivo\" >\u00bfLana de roca o reflexivo?<\/a><\/li><li class='ez-toc-page-1 ez-toc-heading-level-2'><a class=\"ez-toc-link ez-toc-heading-2\" href=\"https:\/\/www.wurth.es\/blog\/lana-de-roca-o-reflexivo\/#%c2%bfque_ventajas_tiene_el_aislamiento_reflexivo\" >\u00bfQu\u00e9 ventajas tiene el aislamiento reflexivo?<\/a><\/li><li class='ez-toc-page-1 ez-toc-heading-level-2'><a class=\"ez-toc-link ez-toc-heading-3\" href=\"https:\/\/www.wurth.es\/blog\/lana-de-roca-o-reflexivo\/#%c2%bfse_pueden_combinar_el_aislamiento_reflexivo_y_el_aislamiento_de_masa\" >\u00bfSe pueden combinar el aislamiento reflexivo y el aislamiento de masa?<\/a><\/li><\/ul><\/nav><\/div>\n\n<p><strong>Tambi\u00e9n te puede interesar:<\/strong><\/p>\n\n\n\n<ul class=\"wp-block-list\">\n<li><a href=\"https:\/\/www.wurth.es\/blog\/aislamiento-ecologico-eco-wutermic\/\">Aislamiento ecol\u00f3gico de altas prestaciones ECO-W\u00dcTERMIC\u00ae<\/a><\/li>\n\n\n\n<li><a href=\"https:\/\/www.wurth.es\/blog\/lamina-impermeable-transpirable\/\">L\u00e1mina impermeable transpirable HPV TR2 DBA para cubiertas<\/a><\/li>\n\n\n\n<li><a href=\"https:\/\/www.wurth.es\/blog\/aislamiento-acustico-entre-viviendas-paredes-techos\/\">Aislamiento ac\u00fastico entre viviendas W\u00fcacustic<\/a><\/li>\n<\/ul>\n\n\n\n<p>El&nbsp;<strong>aislamiento<\/strong>&nbsp;en una construcci\u00f3n es un elemento esencial para garantizar la&nbsp;<strong>eficiencia energ\u00e9tica<\/strong>&nbsp;y proporcionar un&nbsp;<strong>ambiente confortable<\/strong>&nbsp;para los ocupantes. Existen diferentes&nbsp;<strong>tipos de aislamiento<\/strong>&nbsp;que se pueden utilizar en una construcci\u00f3n, cada uno con sus propias caracter\u00edsticas y ventajas. En esta publicaci\u00f3n, exploraremos dos posibles tipos de aislamiento:&nbsp;<strong>lana de roca<\/strong>&nbsp;y&nbsp;<strong>reflexivo<\/strong>.<\/p>\n\n\n\n<h2 class=\"wp-block-heading\"><span class=\"ez-toc-section\" id=\"%c2%bflana_de_roca_o_reflexivo\"><\/span><strong>\u00bfLana de roca o reflexivo?<\/strong><span class=\"ez-toc-section-end\"><\/span><\/h2>\n\n\n\n<p>Antes de responder a esta pregunta debemos recordar que la funci\u00f3n principal de un aislamiento t\u00e9rmico es <strong>reducir la transmisi\u00f3n de energ\u00eda calor\u00edfica<\/strong>. \u00bfC\u00f3mo se transmite la energ\u00eda, y por ende el calor?<\/p>\n\n\n\n<p>De tres modos:<\/p>\n\n\n\n<ul class=\"wp-block-list\">\n<li><strong>Conducci\u00f3n<\/strong>: Transmisi\u00f3n de calor de un cuerpo a otro por contacto directo.<\/li>\n\n\n\n<li><strong>Convecci\u00f3n<\/strong>: Movimiento de aire debido a regiones de diferentes temperaturas.<\/li>\n\n\n\n<li><strong>Radiaci\u00f3n<\/strong>: Transmisi\u00f3n entre dos cuerpos sin contacto, en funci\u00f3n de su emisividad. Cuando m\u00e1s se refleja, menor transmisi\u00f3n t\u00e9rmica.<\/li>\n<\/ul>\n\n\n<div class=\"wp-block-image\">\n<figure class=\"aligncenter size-full\"><img fetchpriority=\"high\" decoding=\"async\" width=\"567\" height=\"146\" src=\"https:\/\/www.wurth.es\/blog\/wp-content\/uploads\/2022\/12\/cONDUCCION-CONVECCION-RADIACION.jpg\" alt=\"Tipos de transmisi\u00f3n de energ\u00eda\" class=\"wp-image-2542\" srcset=\"https:\/\/www.wurth.es\/blog\/wp-content\/uploads\/2022\/12\/cONDUCCION-CONVECCION-RADIACION.jpg 567w, https:\/\/www.wurth.es\/blog\/wp-content\/uploads\/2022\/12\/cONDUCCION-CONVECCION-RADIACION-300x77.jpg 300w, https:\/\/www.wurth.es\/blog\/wp-content\/uploads\/2022\/12\/cONDUCCION-CONVECCION-RADIACION-150x39.jpg 150w\" sizes=\"(max-width: 567px) 100vw, 567px\" \/><figcaption class=\"wp-element-caption\">Tipos de transmisi\u00f3n de energ\u00eda<\/figcaption><\/figure>\n<\/div>\n\n\n<p>La <strong>Resistencia T\u00e9rmica<\/strong> de un material representa la capacidad del mismo para oponerse al flujo de calor, por lo que el aislante ser\u00e1 m\u00e1s eficaz cuanto mayor sea su resistencia t\u00e9rmica.<\/p>\n\n\n\n<p>La <strong>lana de roca<\/strong> es un aislamiento de masa compuesto por rocas volc\u00e1nicas fundidas y reduce la transmisi\u00f3n de calor por <strong>conducci\u00f3n<\/strong>. Cuanto mayor espesor, mayor Resistencia T\u00e9rmica. Cuanto menor conductividad, mayor Resistencia T\u00e9rmica. <strong>Espesor <\/strong>y <strong>conductividad<\/strong>, dos t\u00e9rminos muy importantes a la hora de determinar las prestaciones t\u00e9rmicas de un aislamiento de masa, pues la f\u00f3rmula para calcular la Resistencia T\u00e9rmica por conducci\u00f3n es: Rt= espesor\/conductividad.<\/p>\n\n\n<div class=\"wp-block-image\">\n<figure class=\"aligncenter size-full\"><img decoding=\"async\" width=\"181\" height=\"97\" src=\"https:\/\/www.wurth.es\/blog\/wp-content\/uploads\/2022\/12\/Formula-resistencia-termica.jpg\" alt=\"F\u00f3rmula de la resistencia t\u00e9rmica\" class=\"wp-image-2543\" srcset=\"https:\/\/www.wurth.es\/blog\/wp-content\/uploads\/2022\/12\/Formula-resistencia-termica.jpg 181w, https:\/\/www.wurth.es\/blog\/wp-content\/uploads\/2022\/12\/Formula-resistencia-termica-150x80.jpg 150w\" sizes=\"(max-width: 181px) 100vw, 181px\" \/><figcaption class=\"wp-element-caption\">F\u00f3rmula de la resistencia t\u00e9rmica<\/figcaption><\/figure>\n<\/div>\n\n\n<p>Los <strong>aislamientos reflexivos<\/strong> W\u00fcrth, al estar compuestos por diferentes capas, se oponen a los tres modos de transmisi\u00f3n de calor, aunque el potencial m\u00e1ximo de un aislamiento reflexivo es reducir dicha transmisi\u00f3n de energ\u00eda por <strong>radiaci\u00f3n<\/strong>, siendo \u00e9sta la principal fuente de perdida de calor en invierno y ganancia de calor en verano.<\/p>\n\n\n\n<p>Esto se consigue por la <strong>baja emisividad de los elementos reflexivos<\/strong>, consiguiendo coeficientes de reflexi\u00f3n del <strong>97%<\/strong>. Por tanto, en un aislamiento reflexivo, los valores m\u00e1s importantes no ser\u00e1n ni su espesor ni su conductividad, ya que no se calculan mediante la f\u00f3rmula de la conducci\u00f3n, sino por su baja emisividad (la capacidad que tenga su superficie para reflejar la onda de calor). Por ello es fundamental dejarles <strong>c\u00e1mara de aire<\/strong>.<\/p>\n\n\n<div class=\"wp-block-image\">\n<figure class=\"aligncenter size-full\"><img decoding=\"async\" width=\"364\" height=\"430\" src=\"https:\/\/www.wurth.es\/blog\/wp-content\/uploads\/2022\/12\/Aislamientos-y-comportamientos.jpg\" alt=\"Comportamiento de los aislamientos\" class=\"wp-image-2544\" srcset=\"https:\/\/www.wurth.es\/blog\/wp-content\/uploads\/2022\/12\/Aislamientos-y-comportamientos.jpg 364w, https:\/\/www.wurth.es\/blog\/wp-content\/uploads\/2022\/12\/Aislamientos-y-comportamientos-254x300.jpg 254w, https:\/\/www.wurth.es\/blog\/wp-content\/uploads\/2022\/12\/Aislamientos-y-comportamientos-150x177.jpg 150w, https:\/\/www.wurth.es\/blog\/wp-content\/uploads\/2022\/12\/Aislamientos-y-comportamientos-300x354.jpg 300w, https:\/\/www.wurth.es\/blog\/wp-content\/uploads\/2022\/12\/Aislamientos-y-comportamientos-356x420.jpg 356w\" sizes=\"(max-width: 364px) 100vw, 364px\" \/><figcaption class=\"wp-element-caption\">Comportamiento de los aislamientos<\/figcaption><\/figure>\n<\/div>\n\n\n<h2 class=\"wp-block-heading\"><span class=\"ez-toc-section\" id=\"%c2%bfque_ventajas_tiene_el_aislamiento_reflexivo\"><\/span><strong>\u00bfQu\u00e9 ventajas tiene el aislamiento reflexivo?<\/strong><span class=\"ez-toc-section-end\"><\/span><\/h2>\n\n\n\n<ul class=\"wp-block-list\">\n<li>Poco espesor, aumento de espacio interior.<\/li>\n\n\n\n<li>F\u00e1ciles de manipular, cortar, acopiar y transportar.<\/li>\n\n\n\n<li>Excelente poder t\u00e9rmico en temperaturas extremas.<\/li>\n\n\n\n<li>Act\u00faan sobre las 3 formas de transmisi\u00f3n de calor.<\/li>\n\n\n\n<li>Flexibles, se adaptan a diferentes formas de superficie.<\/li>\n\n\n\n<li>Aislamiento continuo, evitando puentes t\u00e9rmicos.<\/li>\n\n\n\n<li>Act\u00faan como barrera de vapor.<\/li>\n\n\n\n<li>No se pudren ni pierden eficacia con la humedad.<\/li>\n\n\n\n<li>Producto antial\u00e9rgico, sin desprendimiento de fibras da\u00f1inas.<\/li>\n<\/ul>\n\n\n\n<h2 class=\"wp-block-heading\"><span class=\"ez-toc-section\" id=\"%c2%bfse_pueden_combinar_el_aislamiento_reflexivo_y_el_aislamiento_de_masa\"><\/span><strong>\u00bfSe pueden combinar el aislamiento reflexivo y el aislamiento de masa?<\/strong><span class=\"ez-toc-section-end\"><\/span><\/h2>\n\n\n\n<p>En cuanto a la pregunta de si se puede <strong>combinar lana de roca y aislamiento reflexivo<\/strong>, la respuesta es&nbsp;<strong>s\u00ed<\/strong>. No solo la lana de roca sino cualquier aislamiento t\u00e9rmico de masa (conducci\u00f3n), como lanas minerales, XPS, EPS, poliuretanos, celulosas, lanas animales, fibras vegetales, etc\u2026 Se podr\u00e1n combinar con un aislamiento reflexivo (radiaci\u00f3n). De hecho, <strong>es recomendable combinarlos<\/strong> cuando las prestaciones t\u00e9rmicas exigidas son muy altas&nbsp;o cuando buscamos funci\u00f3n de barrera de vapor adem\u00e1s de buenas prestaciones t\u00e9rmicas.<\/p>\n\n\n\n<p>Por ejemplo, en la siguiente imagen se puede observar la combinaci\u00f3n de 10 cm de lana de roca, c\u00e1mara de aire de 2cm mediante rastrel, Reflexivo Multithermic 19 capas, c\u00e1mara de aire de 2cm y cerramiento interior, con&nbsp;<a href=\"https:\/\/www.wurth.es\/mp-lamina-de-aislamiento-termico-termicplus\" target=\"_blank\" rel=\"noreferrer noopener\">Termicplus<\/a>&nbsp;en pilares para la rotura de puente t\u00e9rmico sin realizar un tac\u00f3n en dicho pilar.<\/p>\n\n\n<div class=\"wp-block-image\">\n<figure class=\"aligncenter size-large is-resized\"><img loading=\"lazy\" decoding=\"async\" width=\"1024\" height=\"768\" src=\"https:\/\/www.wurth.es\/blog\/wp-content\/uploads\/2022\/12\/Ejemplo-de-combinacion-1024x768.jpg\" alt=\"Ejemplo de combinaci\u00f3n de aislamientos\" class=\"wp-image-2523\" style=\"width:651px;height:488px\" srcset=\"https:\/\/www.wurth.es\/blog\/wp-content\/uploads\/2022\/12\/Ejemplo-de-combinacion-1024x768.jpg 1024w, https:\/\/www.wurth.es\/blog\/wp-content\/uploads\/2022\/12\/Ejemplo-de-combinacion-300x225.jpg 300w, https:\/\/www.wurth.es\/blog\/wp-content\/uploads\/2022\/12\/Ejemplo-de-combinacion-768x576.jpg 768w, https:\/\/www.wurth.es\/blog\/wp-content\/uploads\/2022\/12\/Ejemplo-de-combinacion-1536x1152.jpg 1536w, https:\/\/www.wurth.es\/blog\/wp-content\/uploads\/2022\/12\/Ejemplo-de-combinacion-2048x1536.jpg 2048w, https:\/\/www.wurth.es\/blog\/wp-content\/uploads\/2022\/12\/Ejemplo-de-combinacion-150x113.jpg 150w, https:\/\/www.wurth.es\/blog\/wp-content\/uploads\/2022\/12\/Ejemplo-de-combinacion-600x450.jpg 600w, https:\/\/www.wurth.es\/blog\/wp-content\/uploads\/2022\/12\/Ejemplo-de-combinacion-696x522.jpg 696w, https:\/\/www.wurth.es\/blog\/wp-content\/uploads\/2022\/12\/Ejemplo-de-combinacion-1068x801.jpg 1068w, https:\/\/www.wurth.es\/blog\/wp-content\/uploads\/2022\/12\/Ejemplo-de-combinacion-1920x1440.jpg 1920w, https:\/\/www.wurth.es\/blog\/wp-content\/uploads\/2022\/12\/Ejemplo-de-combinacion-560x420.jpg 560w, https:\/\/www.wurth.es\/blog\/wp-content\/uploads\/2022\/12\/Ejemplo-de-combinacion-80x60.jpg 80w, https:\/\/www.wurth.es\/blog\/wp-content\/uploads\/2022\/12\/Ejemplo-de-combinacion-265x198.jpg 265w\" sizes=\"(max-width: 1024px) 100vw, 1024px\" \/><figcaption class=\"wp-element-caption\">Ejemplo de combinaci\u00f3n de aislamientos<\/figcaption><\/figure>\n<\/div>\n\n\n<p>Dadas las nuevas demandas del CTE (C\u00f3digo T\u00e9cnico de la Edificaci\u00f3n), en W\u00fcrth Espa\u00f1a hemos creado aislamientos t\u00e9rmicos que combinan la eficiencia de un aislamiento de masa con la reflexi\u00f3n del calor. Estos aislamientos, como los&nbsp;<a href=\"https:\/\/www.wurth.es\/mp-aislamiento-termico-termomasa\" target=\"_blank\" rel=\"noreferrer noopener\">Termomasa<\/a>,&nbsp;<a href=\"https:\/\/www.wurth.es\/catalogo\/materiales-de-construccion\/material-aislam-para-tejados-fachadas\/aislamiento-fachada-pared\" target=\"_blank\" rel=\"noreferrer noopener\">Ecow\u00fctermic<\/a> y <a href=\"https:\/\/www.wurth.es\/mp-lamina-de-aislamiento-termico-termoplane-xps\" target=\"_blank\" rel=\"noreferrer noopener\">Termoplane Kombi<\/a> son una de las soluciones&nbsp;<strong>m\u00e1s solicitadas<\/strong>&nbsp;en la actualidad debido al aumento de las exigencias t\u00e9rmicas.<\/p>\n\n\n\n<div class=\"wp-block-columns is-layout-flex wp-container-core-columns-is-layout-9d6595d7 wp-block-columns-is-layout-flex\">\n<div class=\"wp-block-column is-layout-flow wp-block-column-is-layout-flow\"><div class=\"wp-block-image\">\n<figure class=\"aligncenter size-medium is-resized\"><img loading=\"lazy\" decoding=\"async\" width=\"153\" height=\"300\" src=\"https:\/\/www.wurth.es\/blog\/wp-content\/uploads\/2022\/12\/Termicplus-153x300.jpg\" alt=\"\" class=\"wp-image-2530\" style=\"width:122px;height:238px\" srcset=\"https:\/\/www.wurth.es\/blog\/wp-content\/uploads\/2022\/12\/Termicplus-153x300.jpg 153w, https:\/\/www.wurth.es\/blog\/wp-content\/uploads\/2022\/12\/Termicplus-150x293.jpg 150w, https:\/\/www.wurth.es\/blog\/wp-content\/uploads\/2022\/12\/Termicplus-300x587.jpg 300w, https:\/\/www.wurth.es\/blog\/wp-content\/uploads\/2022\/12\/Termicplus-215x420.jpg 215w, https:\/\/www.wurth.es\/blog\/wp-content\/uploads\/2022\/12\/Termicplus.jpg 460w\" sizes=\"(max-width: 153px) 100vw, 153px\" \/><\/figure>\n<\/div>\n\n\n<div class=\"wp-block-buttons is-layout-flex wp-block-buttons-is-layout-flex\">\n<div class=\"wp-block-button aligncenter\"><a class=\"wp-block-button__link wp-element-button\" href=\"https:\/\/www.wurth.es\/mp-lamina-de-aislamiento-termico-termicplus\" target=\"_blank\" rel=\"noreferrer noopener\">L\u00e1mina de aislamiento t\u00e9rmico TERMICPLUS<\/a><\/div>\n<\/div>\n<\/div>\n\n\n\n<div class=\"wp-block-column is-layout-flow wp-block-column-is-layout-flow\"><div class=\"wp-block-image\">\n<figure class=\"aligncenter size-medium\"><img loading=\"lazy\" decoding=\"async\" width=\"300\" height=\"300\" src=\"https:\/\/www.wurth.es\/blog\/wp-content\/uploads\/2022\/12\/Ecowutermic-300x300.jpg\" alt=\"\" class=\"wp-image-2531\" srcset=\"https:\/\/www.wurth.es\/blog\/wp-content\/uploads\/2022\/12\/Ecowutermic-300x300.jpg 300w, https:\/\/www.wurth.es\/blog\/wp-content\/uploads\/2022\/12\/Ecowutermic-150x150.jpg 150w, https:\/\/www.wurth.es\/blog\/wp-content\/uploads\/2022\/12\/Ecowutermic-600x600.jpg 600w, https:\/\/www.wurth.es\/blog\/wp-content\/uploads\/2022\/12\/Ecowutermic-696x696.jpg 696w, https:\/\/www.wurth.es\/blog\/wp-content\/uploads\/2022\/12\/Ecowutermic-420x420.jpg 420w, https:\/\/www.wurth.es\/blog\/wp-content\/uploads\/2022\/12\/Ecowutermic.jpg 700w\" sizes=\"(max-width: 300px) 100vw, 300px\" \/><\/figure>\n<\/div>\n\n\n<div class=\"wp-block-buttons is-layout-flex wp-block-buttons-is-layout-flex\">\n<div class=\"wp-block-button aligncenter\"><a class=\"wp-block-button__link wp-element-button\" href=\"https:\/\/www.wurth.es\/catalogo\/materiales-de-construccion\/material-aislam-para-tejados-fachadas\/aislamiento-fachada-pared\" target=\"_blank\" rel=\"noreferrer noopener\">Aislamiento Ecow\u00fctermic<\/a><\/div>\n<\/div>\n<\/div>\n\n\n\n<div class=\"wp-block-column is-layout-flow wp-block-column-is-layout-flow\"><div class=\"wp-block-image\">\n<figure class=\"aligncenter size-full\"><img loading=\"lazy\" decoding=\"async\" width=\"700\" height=\"700\" src=\"https:\/\/www.wurth.es\/blog\/wp-content\/uploads\/2022\/12\/Termomasa.jpg\" alt=\"\" class=\"wp-image-2532\" srcset=\"https:\/\/www.wurth.es\/blog\/wp-content\/uploads\/2022\/12\/Termomasa.jpg 700w, https:\/\/www.wurth.es\/blog\/wp-content\/uploads\/2022\/12\/Termomasa-300x300.jpg 300w, https:\/\/www.wurth.es\/blog\/wp-content\/uploads\/2022\/12\/Termomasa-150x150.jpg 150w, https:\/\/www.wurth.es\/blog\/wp-content\/uploads\/2022\/12\/Termomasa-600x600.jpg 600w, https:\/\/www.wurth.es\/blog\/wp-content\/uploads\/2022\/12\/Termomasa-696x696.jpg 696w, https:\/\/www.wurth.es\/blog\/wp-content\/uploads\/2022\/12\/Termomasa-420x420.jpg 420w\" sizes=\"(max-width: 700px) 100vw, 700px\" \/><\/figure>\n<\/div>\n\n\n<div class=\"wp-block-buttons is-layout-flex wp-block-buttons-is-layout-flex\">\n<div class=\"wp-block-button aligncenter\"><a class=\"wp-block-button__link wp-element-button\" href=\"https:\/\/www.wurth.es\/mp-aislamiento-termico-termomasa\" target=\"_blank\" rel=\"noreferrer noopener\">Aislamiento t\u00e9rmico TERMOMASA<\/a><\/div>\n<\/div>\n<\/div>\n\n\n\n<div class=\"wp-block-column is-layout-flow wp-block-column-is-layout-flow\"><div class=\"wp-block-image\">\n<figure class=\"aligncenter size-full\"><img loading=\"lazy\" decoding=\"async\" width=\"700\" height=\"700\" src=\"https:\/\/www.wurth.es\/blog\/wp-content\/uploads\/2022\/12\/Termoplane-Kombi.jpg\" alt=\"\" class=\"wp-image-2545\" srcset=\"https:\/\/www.wurth.es\/blog\/wp-content\/uploads\/2022\/12\/Termoplane-Kombi.jpg 700w, https:\/\/www.wurth.es\/blog\/wp-content\/uploads\/2022\/12\/Termoplane-Kombi-300x300.jpg 300w, https:\/\/www.wurth.es\/blog\/wp-content\/uploads\/2022\/12\/Termoplane-Kombi-150x150.jpg 150w, https:\/\/www.wurth.es\/blog\/wp-content\/uploads\/2022\/12\/Termoplane-Kombi-600x600.jpg 600w, https:\/\/www.wurth.es\/blog\/wp-content\/uploads\/2022\/12\/Termoplane-Kombi-696x696.jpg 696w, https:\/\/www.wurth.es\/blog\/wp-content\/uploads\/2022\/12\/Termoplane-Kombi-420x420.jpg 420w\" sizes=\"(max-width: 700px) 100vw, 700px\" \/><\/figure>\n<\/div>\n\n\n<div class=\"wp-block-buttons is-layout-flex wp-block-buttons-is-layout-flex\">\n<div class=\"wp-block-button aligncenter\"><a class=\"wp-block-button__link wp-element-button\" href=\"https:\/\/www.wurth.es\/mp-lamina-de-aislamiento-termico-termoplane-xps\" target=\"_blank\" rel=\"noreferrer noopener\">L\u00e1mina de aislamiento t\u00e9rmico TERMOPLANE + XPS<\/a><\/div>\n<\/div>\n<\/div>\n<\/div>\n\n\n\n<p>Si necesitas aislantes t\u00e9rmicos, puedes&nbsp;<strong>elegir entre una de nuestras combinaciones<\/strong>&nbsp;ya existentes o&nbsp;<strong>podemos desarrollar una opci\u00f3n a medida para tu proyecto<\/strong>.<\/p>\n\n\n\n<hr class=\"wp-block-separator has-alpha-channel-opacity\"\/>\n\n\n\n<p>Como <strong>conclusi\u00f3n<\/strong>, en este art\u00edculo hemos visto que la lana de roca y el aislamiento reflexivo son dos tipos de aislamiento utilizados en la construcci\u00f3n y que recomendable combinarlos para obtener los beneficios de cada uno y maximizar la eficiencia energ\u00e9tica.<\/p>\n\n\n\n<p>Si quieres&nbsp;<strong>m\u00e1s informaci\u00f3n<\/strong>&nbsp;sobre los aislamientos reflexivos, puedes&nbsp;<a href=\"https:\/\/catalogos.wurth.es\/Catalogos_Espana\/servicios\/departamento-de-ingenieria-y-prescripcion\/aislantes\/aislamientos-reflexivos\/\" target=\"_blank\" rel=\"noreferrer noopener nofollow\">consultar su cat\u00e1logo<\/a>, y en caso&nbsp;necesitar contactar con los Arquitectos e Ingenieros de W\u00fcrth Espa\u00f1a, puedes hacerlo mediante la&nbsp;<a href=\"https:\/\/www.wurth.es\/departamento-ingenieria\" target=\"_blank\" rel=\"noreferrer noopener\">p\u00e1gina del departamento de ingenier\u00eda<\/a>, donde podr\u00e1s ver distintas <strong>soluciones constructivas<\/strong> y descargarte detalles de envolventes y cubiertas con aislamientos t\u00e9rmicos reflexivos y las combinaciones m\u00e1s habituales. Por \u00faltimo, para cualquier consulta relativa a nuestros productos de la gama de aislantes, tambi\u00e9n puedes&nbsp;<a href=\"mailto:productos@wurth.es\" target=\"_blank\" rel=\"noreferrer noopener\">contactar con el departamento de productos<\/a>.<\/p>\n\n\n\n<h4 class=\"wp-block-heading\"><strong>Colaboraci\u00f3n<\/strong><\/h4>\n\n\n\n<p>Esta entrada ha sido redactada por el Departamento de Ingenier\u00eda de W\u00fcrth Espa\u00f1a.<\/p>\n\n\n<div style=\"background-color:#c00000;\" class=\"wp-block-post-author has-text-color has-white-color has-background has-medium-font-size\"><div class=\"wp-block-post-author__avatar\"><img alt='' src='https:\/\/secure.gravatar.com\/avatar\/c26fc8bce3d292bd93b94d000c4f49936f4a5eb8434f2a101cfe496fa7ebc494?s=96&#038;d=mm&#038;r=g' srcset='https:\/\/secure.gravatar.com\/avatar\/c26fc8bce3d292bd93b94d000c4f49936f4a5eb8434f2a101cfe496fa7ebc494?s=192&#038;d=mm&#038;r=g 2x' class='avatar avatar-96 photo' height='96' width='96' \/><\/div><div class=\"wp-block-post-author__content\"><p class=\"wp-block-post-author__byline\">Sobre el autor<\/p><p class=\"wp-block-post-author__name\">Adri\u00e1n M\u00edguez<\/p><p class=\"wp-block-post-author__bio\">Team Leader Search Engine Marketing, Digital Analytics &amp; Social Media<\/p><\/div><\/div>","protected":false},"excerpt":{"rendered":"<p>Tambi\u00e9n te puede interesar: El&nbsp;aislamiento&nbsp;en una construcci\u00f3n es un elemento esencial para garantizar la&nbsp;eficiencia energ\u00e9tica&nbsp;y&#8230;<\/p>\n","protected":false},"author":3,"featured_media":2540,"comment_status":"closed","ping_status":"open","sticky":false,"template":"","format":"standard","meta":{"footnotes":""},"categories":[6],"tags":[145],"class_list":["post-2521","post","type-post","status-publish","format-standard","has-post-thumbnail","hentry","category-construccion","tag-departamento-de-ingenieria"],"_links":{"self":[{"href":"https:\/\/www.wurth.es\/blog\/wp-json\/wp\/v2\/posts\/2521","targetHints":{"allow":["GET"]}}],"collection":[{"href":"https:\/\/www.wurth.es\/blog\/wp-json\/wp\/v2\/posts"}],"about":[{"href":"https:\/\/www.wurth.es\/blog\/wp-json\/wp\/v2\/types\/post"}],"author":[{"embeddable":true,"href":"https:\/\/www.wurth.es\/blog\/wp-json\/wp\/v2\/users\/3"}],"replies":[{"embeddable":true,"href":"https:\/\/www.wurth.es\/blog\/wp-json\/wp\/v2\/comments?post=2521"}],"version-history":[{"count":22,"href":"https:\/\/www.wurth.es\/blog\/wp-json\/wp\/v2\/posts\/2521\/revisions"}],"predecessor-version":[{"id":8731,"href":"https:\/\/www.wurth.es\/blog\/wp-json\/wp\/v2\/posts\/2521\/revisions\/8731"}],"wp:featuredmedia":[{"embeddable":true,"href":"https:\/\/www.wurth.es\/blog\/wp-json\/wp\/v2\/media\/2540"}],"wp:attachment":[{"href":"https:\/\/www.wurth.es\/blog\/wp-json\/wp\/v2\/media?parent=2521"}],"wp:term":[{"taxonomy":"category","embeddable":true,"href":"https:\/\/www.wurth.es\/blog\/wp-json\/wp\/v2\/categories?post=2521"},{"taxonomy":"post_tag","embeddable":true,"href":"https:\/\/www.wurth.es\/blog\/wp-json\/wp\/v2\/tags?post=2521"}],"curies":[{"name":"wp","href":"https:\/\/api.w.org\/{rel}","templated":true}]}}